{"id":443,"date":"2025-08-06T14:06:34","date_gmt":"2025-08-06T12:06:34","guid":{"rendered":"https:\/\/www.radici-genealogia.com\/?p=443"},"modified":"2026-03-04T11:44:18","modified_gmt":"2026-03-04T10:44:18","slug":"bauducco-il-panettone-oriundo-perche-litalianita-e-una-cosa-seria","status":"publish","type":"post","link":"https:\/\/www.radici-genealogia.com\/home\/bauducco-il-panettone-oriundo-perche-litalianita-e-una-cosa-seria\/","title":{"rendered":"Bauducco \u2013 il Panettone Oriundo (perch\u00e9 l\u2019italianit\u00e0 \u00e8 una cosa seria!)"},"content":{"rendered":"\n<p class=\"wp-block-paragraph\">Tra le colline del Minas Gerais, a due ore di macchina da San Paolo andando verso Nord, sorge il principale stabilimento produttivo di Bauducco, azienda fondata nel 1952 dal torinese Carlo Bauducco, emigrato in Brasile quattro anni prima, come milioni di altri italiani in cerca di fortuna nelle Americhe. Appena sbarcato a San Paolo, inizi\u00f2 a lavorare per una torrefazione di caff\u00e8. Niente di pi\u00f9 italo-brasiliano, in effetti. Ma era solo l\u2019inizio\u2026 Grazie al suo spirito imprenditoriale il panettone, all\u2019epoca praticamente sconosciuto da queste parti, \u00e8 oggi un prodotto di largo consumo in Brasile e in tutta l\u2019America Latina.<\/p>\n\n\n\n<p class=\"wp-block-paragraph\">Carlo apr\u00ec il suo primo negozio, la Doceria Bauducco, nel Bras, il quartiere operaio nella zona Nordest di San Paolo. E nel 1966 pass\u00f2 l\u2019azienda nelle mani del suo unico figlio, Luigi. A quest\u2019ultimo, poi, \u00e8 succeduto il figlio Massimo che oggi guida l\u2019impresa tuttora al cento per cento della famiglia. \u201cMio nonno\u201d racconta Massimo Bauducco \u201c\u00e8 sempre stato un visionario, un imprenditore coraggioso. Oltre a portare qui in Brasile la ricetta originale del panettone italiano, ha insegnato a tutti noi che se si fa impresa \u00e8 per portare una novit\u00e0\u201d.<\/p>\n\n\n\n<p class=\"wp-block-paragraph\">\u00c8 a Extrema, nel Minas Gerais, Stato famoso per le chiese barocche di sorprendente bellezza e per il feroce sfruttamento delle miniere d\u2019oro nell\u2019epoca coloniale, quando qui pi\u00f9 che in ogni altra area del Sudamerica arrivarono milioni di schiavi dall\u2019Africa, che Bauducco sforna la maggior parte dei suoi 80 milioni di panettoni l\u2019anno. Il resto viene prodotto negli altri quattro stabilimenti.<br><br><br>\u00a0<em>(\u201chttps:\/\/www.comunicaffe.it\/\u201d)<\/em><\/p>\n","protected":false},"excerpt":{"rendered":"<p>Tra le colline del Minas Gerais, a due ore di macchina da San Paolo andando verso Nord, sorge il principale stabilimento produttivo di Bauducco, azienda fondata nel 1952 dal torinese Carlo Bauducco, emigrato in Brasile quattro anni prima, come milioni di altri italiani in cerca di fortuna nelle Americhe. Appena sbarcato a San Paolo, inizi\u00f2 [&hellip;]<\/p>\n","protected":false},"author":1,"featured_media":435,"comment_status":"open","ping_status":"open","sticky":false,"template":"","format":"standard","meta":{"_seopress_titles_title":"","_seopress_titles_desc":"cucina italiana patrimonio unesco, l'emigrazione italiana che ha reso grande l'Italia nel mondo prendoci per la gola. Bauducco storia italiana fra gli italiani. Genealogia di un emegrato di successo.","_seopress_robots_index":"","_seopress_robots_follow":"","_seopress_robots_imageindex":"","_seopress_robots_snippet":"","_seopress_robots_primary_cat":"0","_seopress_robots_breadcrumbs":"","_seopress_robots_freeze_modified_date":"","_seopress_robots_custom_modified_date":"","_seopress_robots_canonical":"","_seopress_social_fb_title":"","_seopress_social_fb_desc":"","_seopress_social_fb_img":"","_seopress_social_fb_img_attachment_id":0,"_seopress_social_fb_img_width":0,"_seopress_social_fb_img_height":0,"_seopress_social_twitter_title":"","_seopress_social_twitter_desc":"","_seopress_social_twitter_img":"","_seopress_social_twitter_img_attachment_id":0,"_seopress_social_twitter_img_width":0,"_seopress_social_twitter_img_height":0,"_seopress_redirections_value":"","_seopress_redirections_enabled":"","_seopress_redirections_enabled_regex":"","_seopress_redirections_logged_status":"","_seopress_redirections_param":"","_seopress_redirections_type":0,"_seopress_analysis_target_kw":"","footnotes":""},"categories":[11],"tags":[],"class_list":["post-443","post","type-post","status-publish","format-standard","has-post-thumbnail","hentry","category-cucina-italiana"],"yoast_head":"<!-- This site is optimized with the Yoast SEO plugin v28.3 - https:\/\/yoast.com\/product\/yoast-seo-wordpress\/ -->\n<title>Bauducco \u2013 il Panettone Oriundo (perch\u00e9 l\u2019italianit\u00e0 \u00e8 una cosa seria!) - Radici - Genealogia<\/title>\n<meta name=\"robots\" content=\"index, follow, max-snippet:-1, max-image-preview:large, max-video-preview:-1\" \/>\n<link rel=\"canonical\" href=\"https:\/\/www.radici-genealogia.com\/home\/bauducco-il-panettone-oriundo-perche-litalianita-e-una-cosa-seria\/\" \/>\n<meta property=\"og:locale\" content=\"it_IT\" \/>\n<meta property=\"og:type\" content=\"article\" \/>\n<meta property=\"og:title\" content=\"Bauducco \u2013 il Panettone Oriundo (perch\u00e9 l\u2019italianit\u00e0 \u00e8 una cosa seria!) - Radici - Genealogia\" \/>\n<meta property=\"og:description\" content=\"Tra le colline del Minas Gerais, a due ore di macchina da San Paolo andando verso Nord, sorge il principale stabilimento produttivo di Bauducco, azienda fondata nel 1952 dal torinese Carlo Bauducco, emigrato in Brasile quattro anni prima, come milioni di altri italiani in cerca di fortuna nelle Americhe. Appena sbarcato a San Paolo, inizi\u00f2 [&hellip;]\" \/>\n<meta property=\"og:url\" content=\"https:\/\/www.radici-genealogia.com\/home\/bauducco-il-panettone-oriundo-perche-litalianita-e-una-cosa-seria\/\" \/>\n<meta property=\"og:site_name\" content=\"Radici - Genealogia\" \/>\n<meta property=\"article:published_time\" content=\"2025-08-06T12:06:34+00:00\" \/>\n<meta property=\"article:modified_time\" content=\"2026-03-04T10:44:18+00:00\" \/>\n<meta property=\"og:image\" content=\"https:\/\/www.radici-genealogia.com\/wp-content\/uploads\/2025\/08\/img-panetone-cucina-copiar.webp\" \/>\n\t<meta property=\"og:image:width\" content=\"775\" \/>\n\t<meta property=\"og:image:height\" content=\"552\" \/>\n\t<meta property=\"og:image:type\" content=\"image\/webp\" \/>\n<meta name=\"author\" content=\"wp_18699517\" \/>\n<meta name=\"twitter:card\" content=\"summary_large_image\" \/>\n<meta name=\"twitter:label1\" content=\"Scritto da\" \/>\n\t<meta name=\"twitter:data1\" content=\"wp_18699517\" \/>\n\t<meta name=\"twitter:label2\" content=\"Tempo di lettura stimato\" \/>\n\t<meta name=\"twitter:data2\" content=\"1 minuto\" \/>\n<script type=\"application\/ld+json\" class=\"yoast-schema-graph\">{\"@context\":\"https:\\\/\\\/schema.org\",\"@graph\":[{\"@type\":\"Article\",\"@id\":\"https:\\\/\\\/www.radici-genealogia.com\\\/home\\\/bauducco-il-panettone-oriundo-perche-litalianita-e-una-cosa-seria\\\/#article\",\"isPartOf\":{\"@id\":\"https:\\\/\\\/www.radici-genealogia.com\\\/home\\\/bauducco-il-panettone-oriundo-perche-litalianita-e-una-cosa-seria\\\/\"},\"author\":{\"name\":\"wp_18699517\",\"@id\":\"https:\\\/\\\/www.radici-genealogia.com\\\/home\\\/#\\\/schema\\\/person\\\/9b2a392866f77b5210d94ea6cfd98642\"},\"headline\":\"Bauducco \u2013 il Panettone Oriundo (perch\u00e9 l\u2019italianit\u00e0 \u00e8 una cosa seria!)\",\"datePublished\":\"2025-08-06T12:06:34+00:00\",\"dateModified\":\"2026-03-04T10:44:18+00:00\",\"mainEntityOfPage\":{\"@id\":\"https:\\\/\\\/www.radici-genealogia.com\\\/home\\\/bauducco-il-panettone-oriundo-perche-litalianita-e-una-cosa-seria\\\/\"},\"wordCount\":267,\"commentCount\":0,\"publisher\":{\"@id\":\"https:\\\/\\\/www.radici-genealogia.com\\\/home\\\/#organization\"},\"image\":{\"@id\":\"https:\\\/\\\/www.radici-genealogia.com\\\/home\\\/bauducco-il-panettone-oriundo-perche-litalianita-e-una-cosa-seria\\\/#primaryimage\"},\"thumbnailUrl\":\"https:\\\/\\\/www.radici-genealogia.com\\\/wp-content\\\/uploads\\\/2025\\\/08\\\/img-panetone-cucina-copiar.webp\",\"articleSection\":[\"Cucina Italiana\"],\"inLanguage\":\"it-IT\",\"potentialAction\":[{\"@type\":\"CommentAction\",\"name\":\"Comment\",\"target\":[\"https:\\\/\\\/www.radici-genealogia.com\\\/home\\\/bauducco-il-panettone-oriundo-perche-litalianita-e-una-cosa-seria\\\/#respond\"]}]},{\"@type\":\"WebPage\",\"@id\":\"https:\\\/\\\/www.radici-genealogia.com\\\/home\\\/bauducco-il-panettone-oriundo-perche-litalianita-e-una-cosa-seria\\\/\",\"url\":\"https:\\\/\\\/www.radici-genealogia.com\\\/home\\\/bauducco-il-panettone-oriundo-perche-litalianita-e-una-cosa-seria\\\/\",\"name\":\"Bauducco \u2013 il Panettone Oriundo (perch\u00e9 l\u2019italianit\u00e0 \u00e8 una cosa seria!) - Radici - Genealogia\",\"isPartOf\":{\"@id\":\"https:\\\/\\\/www.radici-genealogia.com\\\/home\\\/#website\"},\"primaryImageOfPage\":{\"@id\":\"https:\\\/\\\/www.radici-genealogia.com\\\/home\\\/bauducco-il-panettone-oriundo-perche-litalianita-e-una-cosa-seria\\\/#primaryimage\"},\"image\":{\"@id\":\"https:\\\/\\\/www.radici-genealogia.com\\\/home\\\/bauducco-il-panettone-oriundo-perche-litalianita-e-una-cosa-seria\\\/#primaryimage\"},\"thumbnailUrl\":\"https:\\\/\\\/www.radici-genealogia.com\\\/wp-content\\\/uploads\\\/2025\\\/08\\\/img-panetone-cucina-copiar.webp\",\"datePublished\":\"2025-08-06T12:06:34+00:00\",\"dateModified\":\"2026-03-04T10:44:18+00:00\",\"breadcrumb\":{\"@id\":\"https:\\\/\\\/www.radici-genealogia.com\\\/home\\\/bauducco-il-panettone-oriundo-perche-litalianita-e-una-cosa-seria\\\/#breadcrumb\"},\"inLanguage\":\"it-IT\",\"potentialAction\":[{\"@type\":\"ReadAction\",\"target\":[\"https:\\\/\\\/www.radici-genealogia.com\\\/home\\\/bauducco-il-panettone-oriundo-perche-litalianita-e-una-cosa-seria\\\/\"]}]},{\"@type\":\"ImageObject\",\"inLanguage\":\"it-IT\",\"@id\":\"https:\\\/\\\/www.radici-genealogia.com\\\/home\\\/bauducco-il-panettone-oriundo-perche-litalianita-e-una-cosa-seria\\\/#primaryimage\",\"url\":\"https:\\\/\\\/www.radici-genealogia.com\\\/wp-content\\\/uploads\\\/2025\\\/08\\\/img-panetone-cucina-copiar.webp\",\"contentUrl\":\"https:\\\/\\\/www.radici-genealogia.com\\\/wp-content\\\/uploads\\\/2025\\\/08\\\/img-panetone-cucina-copiar.webp\",\"width\":775,\"height\":552},{\"@type\":\"BreadcrumbList\",\"@id\":\"https:\\\/\\\/www.radici-genealogia.com\\\/home\\\/bauducco-il-panettone-oriundo-perche-litalianita-e-una-cosa-seria\\\/#breadcrumb\",\"itemListElement\":[{\"@type\":\"ListItem\",\"position\":1,\"name\":\"In\u00edcio\",\"item\":\"https:\\\/\\\/www.radici-genealogia.com\\\/home\\\/\"},{\"@type\":\"ListItem\",\"position\":2,\"name\":\"Bauducco \u2013 il Panettone Oriundo (perch\u00e9 l\u2019italianit\u00e0 \u00e8 una cosa seria!)\"}]},{\"@type\":\"WebSite\",\"@id\":\"https:\\\/\\\/www.radici-genealogia.com\\\/home\\\/#website\",\"url\":\"https:\\\/\\\/www.radici-genealogia.com\\\/home\\\/\",\"name\":\"Radice - Genealogia\",\"description\":\"Il tuo Passato determina il tuo Futuro\",\"publisher\":{\"@id\":\"https:\\\/\\\/www.radici-genealogia.com\\\/home\\\/#organization\"},\"potentialAction\":[{\"@type\":\"SearchAction\",\"target\":{\"@type\":\"EntryPoint\",\"urlTemplate\":\"https:\\\/\\\/www.radici-genealogia.com\\\/home\\\/?s={search_term_string}\"},\"query-input\":{\"@type\":\"PropertyValueSpecification\",\"valueRequired\":true,\"valueName\":\"search_term_string\"}}],\"inLanguage\":\"it-IT\"},{\"@type\":\"Organization\",\"@id\":\"https:\\\/\\\/www.radici-genealogia.com\\\/home\\\/#organization\",\"name\":\"Radice - Genealogia\",\"url\":\"https:\\\/\\\/www.radici-genealogia.com\\\/home\\\/\",\"logo\":{\"@type\":\"ImageObject\",\"inLanguage\":\"it-IT\",\"@id\":\"https:\\\/\\\/www.radici-genealogia.com\\\/home\\\/#\\\/schema\\\/logo\\\/image\\\/\",\"url\":\"https:\\\/\\\/www.radici-genealogia.com\\\/wp-content\\\/uploads\\\/2025\\\/08\\\/sito-LOGOFOOTER.png\",\"contentUrl\":\"https:\\\/\\\/www.radici-genealogia.com\\\/wp-content\\\/uploads\\\/2025\\\/08\\\/sito-LOGOFOOTER.png\",\"width\":188,\"height\":71,\"caption\":\"Radice - Genealogia\"},\"image\":{\"@id\":\"https:\\\/\\\/www.radici-genealogia.com\\\/home\\\/#\\\/schema\\\/logo\\\/image\\\/\"},\"sameAs\":[\"https:\\\/\\\/www.instagram.com\\\/_diego_luciano_\"]},{\"@type\":\"Person\",\"@id\":\"https:\\\/\\\/www.radici-genealogia.com\\\/home\\\/#\\\/schema\\\/person\\\/9b2a392866f77b5210d94ea6cfd98642\",\"name\":\"wp_18699517\",\"image\":{\"@type\":\"ImageObject\",\"inLanguage\":\"it-IT\",\"@id\":\"https:\\\/\\\/secure.gravatar.com\\\/avatar\\\/c338bceb963d2f37e7c0dfb2be64f2734a801ab0ff5c0653618b28ee2991d912?s=96&d=mm&r=g\",\"url\":\"https:\\\/\\\/secure.gravatar.com\\\/avatar\\\/c338bceb963d2f37e7c0dfb2be64f2734a801ab0ff5c0653618b28ee2991d912?s=96&d=mm&r=g\",\"contentUrl\":\"https:\\\/\\\/secure.gravatar.com\\\/avatar\\\/c338bceb963d2f37e7c0dfb2be64f2734a801ab0ff5c0653618b28ee2991d912?s=96&d=mm&r=g\",\"caption\":\"wp_18699517\"},\"sameAs\":[\"https:\\\/\\\/www.radici-genealogia.com\"],\"url\":\"https:\\\/\\\/www.radici-genealogia.com\\\/home\\\/author\\\/wp_18699517\\\/\"}]}<\/script>\n<!-- \/ Yoast SEO plugin. -->","yoast_head_json":{"title":"Bauducco \u2013 il Panettone Oriundo (perch\u00e9 l\u2019italianit\u00e0 \u00e8 una cosa seria!) - Radici - Genealogia","robots":{"index":"index","follow":"follow","max-snippet":"max-snippet:-1","max-image-preview":"max-image-preview:large","max-video-preview":"max-video-preview:-1"},"canonical":"https:\/\/www.radici-genealogia.com\/home\/bauducco-il-panettone-oriundo-perche-litalianita-e-una-cosa-seria\/","og_locale":"it_IT","og_type":"article","og_title":"Bauducco \u2013 il Panettone Oriundo (perch\u00e9 l\u2019italianit\u00e0 \u00e8 una cosa seria!) - Radici - Genealogia","og_description":"Tra le colline del Minas Gerais, a due ore di macchina da San Paolo andando verso Nord, sorge il principale stabilimento produttivo di Bauducco, azienda fondata nel 1952 dal torinese Carlo Bauducco, emigrato in Brasile quattro anni prima, come milioni di altri italiani in cerca di fortuna nelle Americhe. Appena sbarcato a San Paolo, inizi\u00f2 [&hellip;]","og_url":"https:\/\/www.radici-genealogia.com\/home\/bauducco-il-panettone-oriundo-perche-litalianita-e-una-cosa-seria\/","og_site_name":"Radici - Genealogia","article_published_time":"2025-08-06T12:06:34+00:00","article_modified_time":"2026-03-04T10:44:18+00:00","og_image":[{"width":775,"height":552,"url":"https:\/\/www.radici-genealogia.com\/wp-content\/uploads\/2025\/08\/img-panetone-cucina-copiar.webp","type":"image\/webp"}],"author":"wp_18699517","twitter_card":"summary_large_image","twitter_misc":{"Scritto da":"wp_18699517","Tempo di lettura stimato":"1 minuto"},"schema":{"@context":"https:\/\/schema.org","@graph":[{"@type":"Article","@id":"https:\/\/www.radici-genealogia.com\/home\/bauducco-il-panettone-oriundo-perche-litalianita-e-una-cosa-seria\/#article","isPartOf":{"@id":"https:\/\/www.radici-genealogia.com\/home\/bauducco-il-panettone-oriundo-perche-litalianita-e-una-cosa-seria\/"},"author":{"name":"wp_18699517","@id":"https:\/\/www.radici-genealogia.com\/home\/#\/schema\/person\/9b2a392866f77b5210d94ea6cfd98642"},"headline":"Bauducco \u2013 il Panettone Oriundo (perch\u00e9 l\u2019italianit\u00e0 \u00e8 una cosa seria!)","datePublished":"2025-08-06T12:06:34+00:00","dateModified":"2026-03-04T10:44:18+00:00","mainEntityOfPage":{"@id":"https:\/\/www.radici-genealogia.com\/home\/bauducco-il-panettone-oriundo-perche-litalianita-e-una-cosa-seria\/"},"wordCount":267,"commentCount":0,"publisher":{"@id":"https:\/\/www.radici-genealogia.com\/home\/#organization"},"image":{"@id":"https:\/\/www.radici-genealogia.com\/home\/bauducco-il-panettone-oriundo-perche-litalianita-e-una-cosa-seria\/#primaryimage"},"thumbnailUrl":"https:\/\/www.radici-genealogia.com\/wp-content\/uploads\/2025\/08\/img-panetone-cucina-copiar.webp","articleSection":["Cucina Italiana"],"inLanguage":"it-IT","potentialAction":[{"@type":"CommentAction","name":"Comment","target":["https:\/\/www.radici-genealogia.com\/home\/bauducco-il-panettone-oriundo-perche-litalianita-e-una-cosa-seria\/#respond"]}]},{"@type":"WebPage","@id":"https:\/\/www.radici-genealogia.com\/home\/bauducco-il-panettone-oriundo-perche-litalianita-e-una-cosa-seria\/","url":"https:\/\/www.radici-genealogia.com\/home\/bauducco-il-panettone-oriundo-perche-litalianita-e-una-cosa-seria\/","name":"Bauducco \u2013 il Panettone Oriundo (perch\u00e9 l\u2019italianit\u00e0 \u00e8 una cosa seria!) - Radici - Genealogia","isPartOf":{"@id":"https:\/\/www.radici-genealogia.com\/home\/#website"},"primaryImageOfPage":{"@id":"https:\/\/www.radici-genealogia.com\/home\/bauducco-il-panettone-oriundo-perche-litalianita-e-una-cosa-seria\/#primaryimage"},"image":{"@id":"https:\/\/www.radici-genealogia.com\/home\/bauducco-il-panettone-oriundo-perche-litalianita-e-una-cosa-seria\/#primaryimage"},"thumbnailUrl":"https:\/\/www.radici-genealogia.com\/wp-content\/uploads\/2025\/08\/img-panetone-cucina-copiar.webp","datePublished":"2025-08-06T12:06:34+00:00","dateModified":"2026-03-04T10:44:18+00:00","breadcrumb":{"@id":"https:\/\/www.radici-genealogia.com\/home\/bauducco-il-panettone-oriundo-perche-litalianita-e-una-cosa-seria\/#breadcrumb"},"inLanguage":"it-IT","potentialAction":[{"@type":"ReadAction","target":["https:\/\/www.radici-genealogia.com\/home\/bauducco-il-panettone-oriundo-perche-litalianita-e-una-cosa-seria\/"]}]},{"@type":"ImageObject","inLanguage":"it-IT","@id":"https:\/\/www.radici-genealogia.com\/home\/bauducco-il-panettone-oriundo-perche-litalianita-e-una-cosa-seria\/#primaryimage","url":"https:\/\/www.radici-genealogia.com\/wp-content\/uploads\/2025\/08\/img-panetone-cucina-copiar.webp","contentUrl":"https:\/\/www.radici-genealogia.com\/wp-content\/uploads\/2025\/08\/img-panetone-cucina-copiar.webp","width":775,"height":552},{"@type":"BreadcrumbList","@id":"https:\/\/www.radici-genealogia.com\/home\/bauducco-il-panettone-oriundo-perche-litalianita-e-una-cosa-seria\/#breadcrumb","itemListElement":[{"@type":"ListItem","position":1,"name":"In\u00edcio","item":"https:\/\/www.radici-genealogia.com\/home\/"},{"@type":"ListItem","position":2,"name":"Bauducco \u2013 il Panettone Oriundo (perch\u00e9 l\u2019italianit\u00e0 \u00e8 una cosa seria!)"}]},{"@type":"WebSite","@id":"https:\/\/www.radici-genealogia.com\/home\/#website","url":"https:\/\/www.radici-genealogia.com\/home\/","name":"Radice - Genealogia","description":"Il tuo Passato determina il tuo Futuro","publisher":{"@id":"https:\/\/www.radici-genealogia.com\/home\/#organization"},"potentialAction":[{"@type":"SearchAction","target":{"@type":"EntryPoint","urlTemplate":"https:\/\/www.radici-genealogia.com\/home\/?s={search_term_string}"},"query-input":{"@type":"PropertyValueSpecification","valueRequired":true,"valueName":"search_term_string"}}],"inLanguage":"it-IT"},{"@type":"Organization","@id":"https:\/\/www.radici-genealogia.com\/home\/#organization","name":"Radice - Genealogia","url":"https:\/\/www.radici-genealogia.com\/home\/","logo":{"@type":"ImageObject","inLanguage":"it-IT","@id":"https:\/\/www.radici-genealogia.com\/home\/#\/schema\/logo\/image\/","url":"https:\/\/www.radici-genealogia.com\/wp-content\/uploads\/2025\/08\/sito-LOGOFOOTER.png","contentUrl":"https:\/\/www.radici-genealogia.com\/wp-content\/uploads\/2025\/08\/sito-LOGOFOOTER.png","width":188,"height":71,"caption":"Radice - Genealogia"},"image":{"@id":"https:\/\/www.radici-genealogia.com\/home\/#\/schema\/logo\/image\/"},"sameAs":["https:\/\/www.instagram.com\/_diego_luciano_"]},{"@type":"Person","@id":"https:\/\/www.radici-genealogia.com\/home\/#\/schema\/person\/9b2a392866f77b5210d94ea6cfd98642","name":"wp_18699517","image":{"@type":"ImageObject","inLanguage":"it-IT","@id":"https:\/\/secure.gravatar.com\/avatar\/c338bceb963d2f37e7c0dfb2be64f2734a801ab0ff5c0653618b28ee2991d912?s=96&d=mm&r=g","url":"https:\/\/secure.gravatar.com\/avatar\/c338bceb963d2f37e7c0dfb2be64f2734a801ab0ff5c0653618b28ee2991d912?s=96&d=mm&r=g","contentUrl":"https:\/\/secure.gravatar.com\/avatar\/c338bceb963d2f37e7c0dfb2be64f2734a801ab0ff5c0653618b28ee2991d912?s=96&d=mm&r=g","caption":"wp_18699517"},"sameAs":["https:\/\/www.radici-genealogia.com"],"url":"https:\/\/www.radici-genealogia.com\/home\/author\/wp_18699517\/"}]}},"_links":{"self":[{"href":"https:\/\/www.radici-genealogia.com\/home\/wp-json\/wp\/v2\/posts\/443","targetHints":{"allow":["GET"]}}],"collection":[{"href":"https:\/\/www.radici-genealogia.com\/home\/wp-json\/wp\/v2\/posts"}],"about":[{"href":"https:\/\/www.radici-genealogia.com\/home\/wp-json\/wp\/v2\/types\/post"}],"author":[{"embeddable":true,"href":"https:\/\/www.radici-genealogia.com\/home\/wp-json\/wp\/v2\/users\/1"}],"replies":[{"embeddable":true,"href":"https:\/\/www.radici-genealogia.com\/home\/wp-json\/wp\/v2\/comments?post=443"}],"version-history":[{"count":2,"href":"https:\/\/www.radici-genealogia.com\/home\/wp-json\/wp\/v2\/posts\/443\/revisions"}],"predecessor-version":[{"id":1512,"href":"https:\/\/www.radici-genealogia.com\/home\/wp-json\/wp\/v2\/posts\/443\/revisions\/1512"}],"wp:featuredmedia":[{"embeddable":true,"href":"https:\/\/www.radici-genealogia.com\/home\/wp-json\/wp\/v2\/media\/435"}],"wp:attachment":[{"href":"https:\/\/www.radici-genealogia.com\/home\/wp-json\/wp\/v2\/media?parent=443"}],"wp:term":[{"taxonomy":"category","embeddable":true,"href":"https:\/\/www.radici-genealogia.com\/home\/wp-json\/wp\/v2\/categories?post=443"},{"taxonomy":"post_tag","embeddable":true,"href":"https:\/\/www.radici-genealogia.com\/home\/wp-json\/wp\/v2\/tags?post=443"}],"curies":[{"name":"wp","href":"https:\/\/api.w.org\/{rel}","templated":true}]}}