{"id":441,"date":"2025-08-06T14:06:06","date_gmt":"2025-08-06T12:06:06","guid":{"rendered":"https:\/\/www.radici-genealogia.com\/?p=441"},"modified":"2025-08-06T14:06:06","modified_gmt":"2025-08-06T12:06:06","slug":"la-grande-tradizione-della-polenta-nel-sud-del-brasile","status":"publish","type":"post","link":"https:\/\/www.radici-genealogia.com\/home\/la-grande-tradizione-della-polenta-nel-sud-del-brasile\/","title":{"rendered":"La grande tradizione della polenta nel sud del Brasile"},"content":{"rendered":"\n<p class=\"wp-block-paragraph\">Sono tanti gli elementi di unione che condividono gli emigrati friulani in Sud America. Tra questi occupa senz\u2019altro un posto speciale la polenta, un simbolo della gastronomia friulana portata in questo continente nei secoli scorsi e che continua ad essere presente nelle tavole delle famiglie dal Rio della Plata fino al sud del Brasile. Mercoled\u00ec scorso una videoconferenza organizzata dalla sezione uruguaiana di Efasce \u00e8 stata dedicata proprio a questa tematica con la presentazione curata da Argel Rigo, coordinatore degli enti friulani in Brasile, che ha descritto tutta l\u2019evoluzione vissuta dalla polenta, dal passato fino ai giorni nostri.<\/p>\n\n\n\n<p class=\"wp-block-paragraph\">\u201cLa polenta ha avuto un ruolo mistico nella storia delle nostre comunit\u00e0\u201d racconta Argel Rigo con un inconfondibile portu\u00f1ol. \u201cQuesto piatto arriv\u00f2 nel paese con le famiglie italiane durante la seconda met\u00e0 dell\u2019ottocento, da Rio Grande do Sul a Santa Catarina fino a Esp\u00edrito Santo. A contribuire alla sua popolarit\u00e0 furono in generale tutti gli italiani del nord, veneti specialmente ma anche coloro che provenivano dalle regioni confinanti come nel nostri caso. Per tanto tempo \u00e8 stato praticamente l\u2019unico piatto nelle case queste famiglie, tanto di giorno come di sera. Immaginiamoci una famiglia molto numerosa, dieci o undici figli e in condizioni di povert\u00e0. L\u2019unica cosa che potevano permettersi e che riusciva a saziare era questo, non c\u2019era nient\u2019altro\u201d. Ma oltre all\u2019aspetto economico, sottolinea Rigo, \u201call\u2019interno delle famiglie friulane il piatto aveva anche una grande importanza per quello che significava per stare insieme e riunirsi intorno al focolare durante la sua lunga preparazione\u201d. \u201cAnche nella mia famiglia\u201d -prosegue- \u201csi cerca di mantenere la stessa ricetta tramandata di generazione in generazione dagli antenati friulani che usavano pochi e semplici ingredienti, cucinando farina di mais e acqua. Se prima si mangiava quasi tutti i giorni eccetto la domenica -che era giorno di festa e quindi si mangiava la pasta- oggi cerchiamo di mangiarla almeno una volta a settimana. I modi per essere consumata sono tantissimi, tra i pi\u00f9 diffusi c\u2019\u00e8 quella fritta oppure abbrustolita.\u201d.<\/p>\n\n\n\n<p class=\"wp-block-paragraph\">Oltre a ripercorrere la storia della diffusione della polenta nel sud del Brasile, nella conferenza si \u00e8 parlato anche di attualit\u00e0 e di come questa tradizione italiana continua ad essere fortemente radicata in alcune zone del paese: \u201cOggi giorno chiaramente la polenta ha un significato molto diverso ed \u00e8 stata rivalutata venendo offerta anche nei ristoranti. Non \u00e8 dettata da quella necessit\u00e0 economica che c\u2019era prima ma riveste comunque sia una grande importanza in alcuni centri rurali dell\u2019interno dove c\u2019\u00e8 una presenza italiana fortissima\u201d.<\/p>\n\n\n\n<p class=\"wp-block-paragraph\">Un esempio sono le feste popolari che si organizzano ogni anno a Urussanga (Santa Catarina), Monte Belo do Sul (Rio Grande do Sul), oppure a Venda Nova do Imigrante (Esp\u00edrito Santo). Al \u201cPolenta\u00e7o\u201d di Monte Belo do Sul, ad esempio, partecipano pi\u00f9 di 20mila persone e si cucinano 800 chili di farina di mais. A Urussanga la festa ha appena compiuto dieci anni sotto l\u2019organizzazione del gruppo amici della polenta. \u201cIn tutti questi casi\u201d -conclude Rigo- \u201cnoi come associazione accompagniamo gli eventi perch\u00e9 la polenta rappresenta la nostra cultura, la nostra tradizione che vogliamo difendere e trasmettere\u201d.<\/p>\n\n\n\n<p class=\"wp-block-paragraph\">Coincide anche Claudia Gerardo, rappresentante della sezione uruguaiana di Efasce: \u201cSarebbe molto utile ripensare a quello che la polenta ha rappresentato per le famiglie italiane emigrate. Oltre alla necessit\u00e0 economica e alla sofferenza questa preparazione rappresentava anche il modo di stare insieme e riunirsi intorno al focolare. \u00c8 il simbolo dell\u2019unione, di una storia che ci appartiene\u201d.<br><br><br>\u00a0<em>( <\/em><a href=\"https:\/\/www.genteditalia.org\/\"><em>https:\/\/www.genteditalia.org\/<\/em><\/a><em>)<\/em><\/p>\n","protected":false},"excerpt":{"rendered":"<p>Sono tanti gli elementi di unione che condividono gli emigrati friulani in Sud America. Tra questi occupa senz\u2019altro un posto speciale la polenta, un simbolo della gastronomia friulana portata in questo continente nei secoli scorsi e che continua ad essere presente nelle tavole delle famiglie dal Rio della Plata fino al sud del Brasile. Mercoled\u00ec [&hellip;]<\/p>\n","protected":false},"author":1,"featured_media":436,"comment_status":"open","ping_status":"open","sticky":false,"template":"","format":"standard","meta":{"_seopress_titles_title":"","_seopress_titles_desc":"","_seopress_robots_index":"","_seopress_robots_follow":"","_seopress_robots_imageindex":"","_seopress_robots_snippet":"","_seopress_robots_primary_cat":"0","_seopress_robots_breadcrumbs":"","_seopress_robots_freeze_modified_date":"","_seopress_robots_custom_modified_date":"","_seopress_robots_canonical":"","_seopress_social_fb_title":"","_seopress_social_fb_desc":"","_seopress_social_fb_img":"","_seopress_social_fb_img_attachment_id":0,"_seopress_social_fb_img_width":0,"_seopress_social_fb_img_height":0,"_seopress_social_twitter_title":"","_seopress_social_twitter_desc":"","_seopress_social_twitter_img":"","_seopress_social_twitter_img_attachment_id":0,"_seopress_social_twitter_img_width":0,"_seopress_social_twitter_img_height":0,"_seopress_redirections_value":"","_seopress_redirections_enabled":"","_seopress_redirections_enabled_regex":"","_seopress_redirections_logged_status":"","_seopress_redirections_param":"","_seopress_redirections_type":0,"_seopress_analysis_target_kw":"","footnotes":""},"categories":[11],"tags":[],"class_list":["post-441","post","type-post","status-publish","format-standard","has-post-thumbnail","hentry","category-cucina-italiana"],"yoast_head":"<!-- This site is optimized with the Yoast SEO plugin v28.3 - https:\/\/yoast.com\/product\/yoast-seo-wordpress\/ -->\n<title>La grande tradizione della polenta nel sud del Brasile - Radici - Genealogia<\/title>\n<meta name=\"robots\" content=\"index, follow, max-snippet:-1, max-image-preview:large, max-video-preview:-1\" \/>\n<link rel=\"canonical\" href=\"https:\/\/www.radici-genealogia.com\/home\/la-grande-tradizione-della-polenta-nel-sud-del-brasile\/\" \/>\n<meta property=\"og:locale\" content=\"it_IT\" \/>\n<meta property=\"og:type\" content=\"article\" \/>\n<meta property=\"og:title\" content=\"La grande tradizione della polenta nel sud del Brasile - Radici - Genealogia\" \/>\n<meta property=\"og:description\" content=\"Sono tanti gli elementi di unione che condividono gli emigrati friulani in Sud America. Tra questi occupa senz\u2019altro un posto speciale la polenta, un simbolo della gastronomia friulana portata in questo continente nei secoli scorsi e che continua ad essere presente nelle tavole delle famiglie dal Rio della Plata fino al sud del Brasile. Mercoled\u00ec [&hellip;]\" \/>\n<meta property=\"og:url\" content=\"https:\/\/www.radici-genealogia.com\/home\/la-grande-tradizione-della-polenta-nel-sud-del-brasile\/\" \/>\n<meta property=\"og:site_name\" content=\"Radici - Genealogia\" \/>\n<meta property=\"article:published_time\" content=\"2025-08-06T12:06:06+00:00\" \/>\n<meta property=\"og:image\" content=\"https:\/\/www.radici-genealogia.com\/wp-content\/uploads\/2025\/08\/img-polenta-cucina-copiar.webp\" \/>\n\t<meta property=\"og:image:width\" content=\"775\" \/>\n\t<meta property=\"og:image:height\" content=\"552\" \/>\n\t<meta property=\"og:image:type\" content=\"image\/webp\" \/>\n<meta name=\"author\" content=\"wp_18699517\" \/>\n<meta name=\"twitter:card\" content=\"summary_large_image\" \/>\n<meta name=\"twitter:label1\" content=\"Scritto da\" \/>\n\t<meta name=\"twitter:data1\" content=\"wp_18699517\" \/>\n\t<meta name=\"twitter:label2\" content=\"Tempo di lettura stimato\" \/>\n\t<meta name=\"twitter:data2\" content=\"3 minuti\" \/>\n<script type=\"application\/ld+json\" class=\"yoast-schema-graph\">{\"@context\":\"https:\\\/\\\/schema.org\",\"@graph\":[{\"@type\":\"Article\",\"@id\":\"https:\\\/\\\/www.radici-genealogia.com\\\/home\\\/la-grande-tradizione-della-polenta-nel-sud-del-brasile\\\/#article\",\"isPartOf\":{\"@id\":\"https:\\\/\\\/www.radici-genealogia.com\\\/home\\\/la-grande-tradizione-della-polenta-nel-sud-del-brasile\\\/\"},\"author\":{\"name\":\"wp_18699517\",\"@id\":\"https:\\\/\\\/www.radici-genealogia.com\\\/home\\\/#\\\/schema\\\/person\\\/9b2a392866f77b5210d94ea6cfd98642\"},\"headline\":\"La grande tradizione della polenta nel sud del Brasile\",\"datePublished\":\"2025-08-06T12:06:06+00:00\",\"mainEntityOfPage\":{\"@id\":\"https:\\\/\\\/www.radici-genealogia.com\\\/home\\\/la-grande-tradizione-della-polenta-nel-sud-del-brasile\\\/\"},\"wordCount\":591,\"commentCount\":0,\"publisher\":{\"@id\":\"https:\\\/\\\/www.radici-genealogia.com\\\/home\\\/#organization\"},\"image\":{\"@id\":\"https:\\\/\\\/www.radici-genealogia.com\\\/home\\\/la-grande-tradizione-della-polenta-nel-sud-del-brasile\\\/#primaryimage\"},\"thumbnailUrl\":\"https:\\\/\\\/www.radici-genealogia.com\\\/wp-content\\\/uploads\\\/2025\\\/08\\\/img-polenta-cucina-copiar.webp\",\"articleSection\":[\"Cucina Italiana\"],\"inLanguage\":\"it-IT\",\"potentialAction\":[{\"@type\":\"CommentAction\",\"name\":\"Comment\",\"target\":[\"https:\\\/\\\/www.radici-genealogia.com\\\/home\\\/la-grande-tradizione-della-polenta-nel-sud-del-brasile\\\/#respond\"]}]},{\"@type\":\"WebPage\",\"@id\":\"https:\\\/\\\/www.radici-genealogia.com\\\/home\\\/la-grande-tradizione-della-polenta-nel-sud-del-brasile\\\/\",\"url\":\"https:\\\/\\\/www.radici-genealogia.com\\\/home\\\/la-grande-tradizione-della-polenta-nel-sud-del-brasile\\\/\",\"name\":\"La grande tradizione della polenta nel sud del Brasile - Radici - Genealogia\",\"isPartOf\":{\"@id\":\"https:\\\/\\\/www.radici-genealogia.com\\\/home\\\/#website\"},\"primaryImageOfPage\":{\"@id\":\"https:\\\/\\\/www.radici-genealogia.com\\\/home\\\/la-grande-tradizione-della-polenta-nel-sud-del-brasile\\\/#primaryimage\"},\"image\":{\"@id\":\"https:\\\/\\\/www.radici-genealogia.com\\\/home\\\/la-grande-tradizione-della-polenta-nel-sud-del-brasile\\\/#primaryimage\"},\"thumbnailUrl\":\"https:\\\/\\\/www.radici-genealogia.com\\\/wp-content\\\/uploads\\\/2025\\\/08\\\/img-polenta-cucina-copiar.webp\",\"datePublished\":\"2025-08-06T12:06:06+00:00\",\"breadcrumb\":{\"@id\":\"https:\\\/\\\/www.radici-genealogia.com\\\/home\\\/la-grande-tradizione-della-polenta-nel-sud-del-brasile\\\/#breadcrumb\"},\"inLanguage\":\"it-IT\",\"potentialAction\":[{\"@type\":\"ReadAction\",\"target\":[\"https:\\\/\\\/www.radici-genealogia.com\\\/home\\\/la-grande-tradizione-della-polenta-nel-sud-del-brasile\\\/\"]}]},{\"@type\":\"ImageObject\",\"inLanguage\":\"it-IT\",\"@id\":\"https:\\\/\\\/www.radici-genealogia.com\\\/home\\\/la-grande-tradizione-della-polenta-nel-sud-del-brasile\\\/#primaryimage\",\"url\":\"https:\\\/\\\/www.radici-genealogia.com\\\/wp-content\\\/uploads\\\/2025\\\/08\\\/img-polenta-cucina-copiar.webp\",\"contentUrl\":\"https:\\\/\\\/www.radici-genealogia.com\\\/wp-content\\\/uploads\\\/2025\\\/08\\\/img-polenta-cucina-copiar.webp\",\"width\":775,\"height\":552},{\"@type\":\"BreadcrumbList\",\"@id\":\"https:\\\/\\\/www.radici-genealogia.com\\\/home\\\/la-grande-tradizione-della-polenta-nel-sud-del-brasile\\\/#breadcrumb\",\"itemListElement\":[{\"@type\":\"ListItem\",\"position\":1,\"name\":\"In\u00edcio\",\"item\":\"https:\\\/\\\/www.radici-genealogia.com\\\/home\\\/\"},{\"@type\":\"ListItem\",\"position\":2,\"name\":\"La grande tradizione della polenta nel sud del Brasile\"}]},{\"@type\":\"WebSite\",\"@id\":\"https:\\\/\\\/www.radici-genealogia.com\\\/home\\\/#website\",\"url\":\"https:\\\/\\\/www.radici-genealogia.com\\\/home\\\/\",\"name\":\"Radice - Genealogia\",\"description\":\"Il tuo Passato determina il tuo Futuro\",\"publisher\":{\"@id\":\"https:\\\/\\\/www.radici-genealogia.com\\\/home\\\/#organization\"},\"potentialAction\":[{\"@type\":\"SearchAction\",\"target\":{\"@type\":\"EntryPoint\",\"urlTemplate\":\"https:\\\/\\\/www.radici-genealogia.com\\\/home\\\/?s={search_term_string}\"},\"query-input\":{\"@type\":\"PropertyValueSpecification\",\"valueRequired\":true,\"valueName\":\"search_term_string\"}}],\"inLanguage\":\"it-IT\"},{\"@type\":\"Organization\",\"@id\":\"https:\\\/\\\/www.radici-genealogia.com\\\/home\\\/#organization\",\"name\":\"Radice - Genealogia\",\"url\":\"https:\\\/\\\/www.radici-genealogia.com\\\/home\\\/\",\"logo\":{\"@type\":\"ImageObject\",\"inLanguage\":\"it-IT\",\"@id\":\"https:\\\/\\\/www.radici-genealogia.com\\\/home\\\/#\\\/schema\\\/logo\\\/image\\\/\",\"url\":\"https:\\\/\\\/www.radici-genealogia.com\\\/wp-content\\\/uploads\\\/2025\\\/08\\\/sito-LOGOFOOTER.png\",\"contentUrl\":\"https:\\\/\\\/www.radici-genealogia.com\\\/wp-content\\\/uploads\\\/2025\\\/08\\\/sito-LOGOFOOTER.png\",\"width\":188,\"height\":71,\"caption\":\"Radice - Genealogia\"},\"image\":{\"@id\":\"https:\\\/\\\/www.radici-genealogia.com\\\/home\\\/#\\\/schema\\\/logo\\\/image\\\/\"},\"sameAs\":[\"https:\\\/\\\/www.instagram.com\\\/_diego_luciano_\"]},{\"@type\":\"Person\",\"@id\":\"https:\\\/\\\/www.radici-genealogia.com\\\/home\\\/#\\\/schema\\\/person\\\/9b2a392866f77b5210d94ea6cfd98642\",\"name\":\"wp_18699517\",\"image\":{\"@type\":\"ImageObject\",\"inLanguage\":\"it-IT\",\"@id\":\"https:\\\/\\\/secure.gravatar.com\\\/avatar\\\/c338bceb963d2f37e7c0dfb2be64f2734a801ab0ff5c0653618b28ee2991d912?s=96&d=mm&r=g\",\"url\":\"https:\\\/\\\/secure.gravatar.com\\\/avatar\\\/c338bceb963d2f37e7c0dfb2be64f2734a801ab0ff5c0653618b28ee2991d912?s=96&d=mm&r=g\",\"contentUrl\":\"https:\\\/\\\/secure.gravatar.com\\\/avatar\\\/c338bceb963d2f37e7c0dfb2be64f2734a801ab0ff5c0653618b28ee2991d912?s=96&d=mm&r=g\",\"caption\":\"wp_18699517\"},\"sameAs\":[\"https:\\\/\\\/www.radici-genealogia.com\"],\"url\":\"https:\\\/\\\/www.radici-genealogia.com\\\/home\\\/author\\\/wp_18699517\\\/\"}]}<\/script>\n<!-- \/ Yoast SEO plugin. -->","yoast_head_json":{"title":"La grande tradizione della polenta nel sud del Brasile - Radici - Genealogia","robots":{"index":"index","follow":"follow","max-snippet":"max-snippet:-1","max-image-preview":"max-image-preview:large","max-video-preview":"max-video-preview:-1"},"canonical":"https:\/\/www.radici-genealogia.com\/home\/la-grande-tradizione-della-polenta-nel-sud-del-brasile\/","og_locale":"it_IT","og_type":"article","og_title":"La grande tradizione della polenta nel sud del Brasile - Radici - Genealogia","og_description":"Sono tanti gli elementi di unione che condividono gli emigrati friulani in Sud America. Tra questi occupa senz\u2019altro un posto speciale la polenta, un simbolo della gastronomia friulana portata in questo continente nei secoli scorsi e che continua ad essere presente nelle tavole delle famiglie dal Rio della Plata fino al sud del Brasile. Mercoled\u00ec [&hellip;]","og_url":"https:\/\/www.radici-genealogia.com\/home\/la-grande-tradizione-della-polenta-nel-sud-del-brasile\/","og_site_name":"Radici - Genealogia","article_published_time":"2025-08-06T12:06:06+00:00","og_image":[{"width":775,"height":552,"url":"https:\/\/www.radici-genealogia.com\/wp-content\/uploads\/2025\/08\/img-polenta-cucina-copiar.webp","type":"image\/webp"}],"author":"wp_18699517","twitter_card":"summary_large_image","twitter_misc":{"Scritto da":"wp_18699517","Tempo di lettura stimato":"3 minuti"},"schema":{"@context":"https:\/\/schema.org","@graph":[{"@type":"Article","@id":"https:\/\/www.radici-genealogia.com\/home\/la-grande-tradizione-della-polenta-nel-sud-del-brasile\/#article","isPartOf":{"@id":"https:\/\/www.radici-genealogia.com\/home\/la-grande-tradizione-della-polenta-nel-sud-del-brasile\/"},"author":{"name":"wp_18699517","@id":"https:\/\/www.radici-genealogia.com\/home\/#\/schema\/person\/9b2a392866f77b5210d94ea6cfd98642"},"headline":"La grande tradizione della polenta nel sud del Brasile","datePublished":"2025-08-06T12:06:06+00:00","mainEntityOfPage":{"@id":"https:\/\/www.radici-genealogia.com\/home\/la-grande-tradizione-della-polenta-nel-sud-del-brasile\/"},"wordCount":591,"commentCount":0,"publisher":{"@id":"https:\/\/www.radici-genealogia.com\/home\/#organization"},"image":{"@id":"https:\/\/www.radici-genealogia.com\/home\/la-grande-tradizione-della-polenta-nel-sud-del-brasile\/#primaryimage"},"thumbnailUrl":"https:\/\/www.radici-genealogia.com\/wp-content\/uploads\/2025\/08\/img-polenta-cucina-copiar.webp","articleSection":["Cucina Italiana"],"inLanguage":"it-IT","potentialAction":[{"@type":"CommentAction","name":"Comment","target":["https:\/\/www.radici-genealogia.com\/home\/la-grande-tradizione-della-polenta-nel-sud-del-brasile\/#respond"]}]},{"@type":"WebPage","@id":"https:\/\/www.radici-genealogia.com\/home\/la-grande-tradizione-della-polenta-nel-sud-del-brasile\/","url":"https:\/\/www.radici-genealogia.com\/home\/la-grande-tradizione-della-polenta-nel-sud-del-brasile\/","name":"La grande tradizione della polenta nel sud del Brasile - Radici - Genealogia","isPartOf":{"@id":"https:\/\/www.radici-genealogia.com\/home\/#website"},"primaryImageOfPage":{"@id":"https:\/\/www.radici-genealogia.com\/home\/la-grande-tradizione-della-polenta-nel-sud-del-brasile\/#primaryimage"},"image":{"@id":"https:\/\/www.radici-genealogia.com\/home\/la-grande-tradizione-della-polenta-nel-sud-del-brasile\/#primaryimage"},"thumbnailUrl":"https:\/\/www.radici-genealogia.com\/wp-content\/uploads\/2025\/08\/img-polenta-cucina-copiar.webp","datePublished":"2025-08-06T12:06:06+00:00","breadcrumb":{"@id":"https:\/\/www.radici-genealogia.com\/home\/la-grande-tradizione-della-polenta-nel-sud-del-brasile\/#breadcrumb"},"inLanguage":"it-IT","potentialAction":[{"@type":"ReadAction","target":["https:\/\/www.radici-genealogia.com\/home\/la-grande-tradizione-della-polenta-nel-sud-del-brasile\/"]}]},{"@type":"ImageObject","inLanguage":"it-IT","@id":"https:\/\/www.radici-genealogia.com\/home\/la-grande-tradizione-della-polenta-nel-sud-del-brasile\/#primaryimage","url":"https:\/\/www.radici-genealogia.com\/wp-content\/uploads\/2025\/08\/img-polenta-cucina-copiar.webp","contentUrl":"https:\/\/www.radici-genealogia.com\/wp-content\/uploads\/2025\/08\/img-polenta-cucina-copiar.webp","width":775,"height":552},{"@type":"BreadcrumbList","@id":"https:\/\/www.radici-genealogia.com\/home\/la-grande-tradizione-della-polenta-nel-sud-del-brasile\/#breadcrumb","itemListElement":[{"@type":"ListItem","position":1,"name":"In\u00edcio","item":"https:\/\/www.radici-genealogia.com\/home\/"},{"@type":"ListItem","position":2,"name":"La grande tradizione della polenta nel sud del Brasile"}]},{"@type":"WebSite","@id":"https:\/\/www.radici-genealogia.com\/home\/#website","url":"https:\/\/www.radici-genealogia.com\/home\/","name":"Radice - Genealogia","description":"Il tuo Passato determina il tuo Futuro","publisher":{"@id":"https:\/\/www.radici-genealogia.com\/home\/#organization"},"potentialAction":[{"@type":"SearchAction","target":{"@type":"EntryPoint","urlTemplate":"https:\/\/www.radici-genealogia.com\/home\/?s={search_term_string}"},"query-input":{"@type":"PropertyValueSpecification","valueRequired":true,"valueName":"search_term_string"}}],"inLanguage":"it-IT"},{"@type":"Organization","@id":"https:\/\/www.radici-genealogia.com\/home\/#organization","name":"Radice - Genealogia","url":"https:\/\/www.radici-genealogia.com\/home\/","logo":{"@type":"ImageObject","inLanguage":"it-IT","@id":"https:\/\/www.radici-genealogia.com\/home\/#\/schema\/logo\/image\/","url":"https:\/\/www.radici-genealogia.com\/wp-content\/uploads\/2025\/08\/sito-LOGOFOOTER.png","contentUrl":"https:\/\/www.radici-genealogia.com\/wp-content\/uploads\/2025\/08\/sito-LOGOFOOTER.png","width":188,"height":71,"caption":"Radice - Genealogia"},"image":{"@id":"https:\/\/www.radici-genealogia.com\/home\/#\/schema\/logo\/image\/"},"sameAs":["https:\/\/www.instagram.com\/_diego_luciano_"]},{"@type":"Person","@id":"https:\/\/www.radici-genealogia.com\/home\/#\/schema\/person\/9b2a392866f77b5210d94ea6cfd98642","name":"wp_18699517","image":{"@type":"ImageObject","inLanguage":"it-IT","@id":"https:\/\/secure.gravatar.com\/avatar\/c338bceb963d2f37e7c0dfb2be64f2734a801ab0ff5c0653618b28ee2991d912?s=96&d=mm&r=g","url":"https:\/\/secure.gravatar.com\/avatar\/c338bceb963d2f37e7c0dfb2be64f2734a801ab0ff5c0653618b28ee2991d912?s=96&d=mm&r=g","contentUrl":"https:\/\/secure.gravatar.com\/avatar\/c338bceb963d2f37e7c0dfb2be64f2734a801ab0ff5c0653618b28ee2991d912?s=96&d=mm&r=g","caption":"wp_18699517"},"sameAs":["https:\/\/www.radici-genealogia.com"],"url":"https:\/\/www.radici-genealogia.com\/home\/author\/wp_18699517\/"}]}},"_links":{"self":[{"href":"https:\/\/www.radici-genealogia.com\/home\/wp-json\/wp\/v2\/posts\/441","targetHints":{"allow":["GET"]}}],"collection":[{"href":"https:\/\/www.radici-genealogia.com\/home\/wp-json\/wp\/v2\/posts"}],"about":[{"href":"https:\/\/www.radici-genealogia.com\/home\/wp-json\/wp\/v2\/types\/post"}],"author":[{"embeddable":true,"href":"https:\/\/www.radici-genealogia.com\/home\/wp-json\/wp\/v2\/users\/1"}],"replies":[{"embeddable":true,"href":"https:\/\/www.radici-genealogia.com\/home\/wp-json\/wp\/v2\/comments?post=441"}],"version-history":[{"count":1,"href":"https:\/\/www.radici-genealogia.com\/home\/wp-json\/wp\/v2\/posts\/441\/revisions"}],"predecessor-version":[{"id":442,"href":"https:\/\/www.radici-genealogia.com\/home\/wp-json\/wp\/v2\/posts\/441\/revisions\/442"}],"wp:featuredmedia":[{"embeddable":true,"href":"https:\/\/www.radici-genealogia.com\/home\/wp-json\/wp\/v2\/media\/436"}],"wp:attachment":[{"href":"https:\/\/www.radici-genealogia.com\/home\/wp-json\/wp\/v2\/media?parent=441"}],"wp:term":[{"taxonomy":"category","embeddable":true,"href":"https:\/\/www.radici-genealogia.com\/home\/wp-json\/wp\/v2\/categories?post=441"},{"taxonomy":"post_tag","embeddable":true,"href":"https:\/\/www.radici-genealogia.com\/home\/wp-json\/wp\/v2\/tags?post=441"}],"curies":[{"name":"wp","href":"https:\/\/api.w.org\/{rel}","templated":true}]}}