{"id":429,"date":"2025-08-06T13:47:23","date_gmt":"2025-08-06T11:47:23","guid":{"rendered":"https:\/\/www.radici-genealogia.com\/?p=429"},"modified":"2026-03-04T13:00:34","modified_gmt":"2026-03-04T12:00:34","slug":"pasquale-dangelo-1884-1932","status":"publish","type":"post","link":"https:\/\/www.radici-genealogia.com\/home\/pasquale-dangelo-1884-1932\/","title":{"rendered":"Pasquale D\u2019Angelo (1884 &#8211; 1932)"},"content":{"rendered":"\n<p class=\"wp-block-paragraph\">Pasquale D\u2019Angelo nasce ad Introdacqua, in provincia dell\u2019Aquila, il 20 gennaio 1894, in una famiglia poverissima.<\/p>\n\n\n\n<p class=\"wp-block-paragraph\">Lavora fin da piccolo nei campi e pascola le poche pecore della famiglia. A scuola pu\u00f2 andare poco: \u00e8 il figlio maggiore e deve aiutare il padre. Eppure dimostra una intelligenza vivissima e grande capacit\u00e0, divenendo uno dei primi della classe.<\/p>\n\n\n\n<p class=\"wp-block-paragraph\">A causa delle difficolt\u00e0 economiche, nel 1910 il padre decide di emigrare in America insieme ad altri compaesani e porta con s\u00e9 il figlio Pasquale. Il \u201cviaggio\u201d, al porto di Napoli, \u00e8 la prima grande esperienza della sua vita. Vede per la prima volta il treno, il \u201cmezzo che si muoveva senza cavalli\u201d, e arrivato a Napoli, vede per la prima volta il mare. Padre, figlio e compaesani si imbarcano sul p\/fo Verona, registrandosi, al pari di molti altri imbarcati, come farmlab. Spicca per il fatto che sa leggere e scrivere.<\/p>\n\n\n\n<p class=\"wp-block-paragraph\">In America li attende un compaesano, che ha trovato lavoro per tutti in un cantiere nella costa. \u00c8 un lavoro durissimo e pericoloso, mal pagato: la manodopera non manca e chi non vuole restare disoccupato deve accontentarsi di stipendi bassi e vivere in condizioni di povert\u00e0.<\/p>\n\n\n\n<p class=\"wp-block-paragraph\">Nel 1915, vedendo che la loro condizione non migliora, il padre decide di ritornare in Italia, dove era rimasto il resto della famiglia. Pasquale invece sceglie di rimanere e nella sua autobiografia scrive: \u00abda qualche parte in questo grande Paese avrei trovato la luce: non potevo rimanere nell\u2019oscurit\u00e0 per sempre\u00bb. Sono anni, per lui, di pesante e pericoloso lavoro; si ferisce gravemente ad una mano, la ditta dove lavora fallisce, e infine si impiega in uno scalo merci. Senza risorse per poter affittare una stanza, si adatta a vivere in un freddo vagone abbandonato. Ma \u00e8 proprio in quel periodo che inizia a leggere prima i giornali in lingua spagnola e poi in lingua inglese.<\/p>\n\n\n\n<p class=\"wp-block-paragraph\">Compra un dizionario di inglese di seconda mano e impara molte parole: scrivendole sulle traversine dei binari perch\u00e9 non ha carta a disposizione.<\/p>\n\n\n\n<p class=\"wp-block-paragraph\">Nel 1919 incomincia a scrivere storie buffe in inglese maccheronico. Conosce sempre meglio la lingua e quando alcuni liceali gli lanciano una sfida sul significato delle parole, la vince. Legge gli scritti di Shelley e Keats e si appassiona alla poesia. Lascia il lavoro e si trasferisce a Brooklyn. Passa le sue giornate nelle biblioteche, mangia solo pane raffermo, zuppe acide e banane molto mature: ma pu\u00f2 dedicarsi a quello che ha scoperto essere la sua strada: scrivere. Dopo molti mesi di privazioni riesce ad imporsi, a partire dal 1921, nel mondo letterario americano con le sue poesie che furono pubblicate su importanti riviste letterarie.<\/p>\n\n\n\n<p class=\"wp-block-paragraph\">Nel 1924, finalmente, completa e pubblica la sua opera pi\u00f9 importante: Son of Italy the autobiography of Pascal D\u2019Angelo. \u00c8 la sua storia, con la sua infanzia in Italia, il viaggio e il dramma dell\u2019emigrazione e vi si specchia tutta una generazione di emigranti italiani.<\/p>\n\n\n\n<p class=\"wp-block-paragraph\">Ma non \u00e8 un libro per gli emigranti. Scritto in un inglese piano ma efficace, diventa un caso letterario e di lui si occupano molti critici.<\/p>\n\n\n\n<p class=\"wp-block-paragraph\">Nella seconda met\u00e0 degli anni 20, Pascal D\u2019Angelo \u00e8 uno scrittore affermato, ma resta il \u201cpoeta del piccone e della pala\u201d, come \u00e8 definito. Nel 1932, duramente provato da una vita di sacrifici, Pascal D\u2019Angelo si ammala e in seguito a un banale intervento di appendicite muore il 17 marzo, ancora giovane a soli 38 anni. Viene seppellito a Brooklin.<br><br><br><br>\u00a0<em>(fonte:\u00a0 \u201cMusei del Mare e delle Migrazioni &#8211; Mu.MA \u201d)<\/em><\/p>\n","protected":false},"excerpt":{"rendered":"<p>Pasquale D\u2019Angelo nasce ad Introdacqua, in provincia dell\u2019Aquila, il 20 gennaio 1894, in una famiglia poverissima. Lavora fin da piccolo nei campi e pascola le poche pecore della famiglia. A scuola pu\u00f2 andare poco: \u00e8 il figlio maggiore e deve aiutare il padre. Eppure dimostra una intelligenza vivissima e grande capacit\u00e0, divenendo uno dei primi [&hellip;]<\/p>\n","protected":false},"author":1,"featured_media":771,"comment_status":"open","ping_status":"open","sticky":false,"template":"","format":"standard","meta":{"_seopress_titles_title":"Viaggio alla scoperta delle tue origini Aquila e Introdacqua","_seopress_titles_desc":"Ogni famiglia ha una storia da raccontare. Il regalo pi\u00f9 grande per le future generazioni: la loro storia.","_seopress_robots_index":"","_seopress_robots_follow":"","_seopress_robots_imageindex":"","_seopress_robots_snippet":"","_seopress_robots_primary_cat":"0","_seopress_robots_breadcrumbs":"","_seopress_robots_freeze_modified_date":"","_seopress_robots_custom_modified_date":"","_seopress_robots_canonical":"","_seopress_social_fb_title":"","_seopress_social_fb_desc":"","_seopress_social_fb_img":"","_seopress_social_fb_img_attachment_id":0,"_seopress_social_fb_img_width":0,"_seopress_social_fb_img_height":0,"_seopress_social_twitter_title":"","_seopress_social_twitter_desc":"","_seopress_social_twitter_img":"","_seopress_social_twitter_img_attachment_id":0,"_seopress_social_twitter_img_width":0,"_seopress_social_twitter_img_height":0,"_seopress_redirections_value":"","_seopress_redirections_enabled":"","_seopress_redirections_enabled_regex":"","_seopress_redirections_logged_status":"","_seopress_redirections_param":"","_seopress_redirections_type":0,"_seopress_analysis_target_kw":"","footnotes":""},"categories":[9],"tags":[],"class_list":["post-429","post","type-post","status-publish","format-standard","has-post-thumbnail","hentry","category-italiani-nel-mondo"],"yoast_head":"<!-- This site is optimized with the Yoast SEO plugin v28.3 - https:\/\/yoast.com\/product\/yoast-seo-wordpress\/ -->\n<title>Pasquale D\u2019Angelo (1884 - 1932) - Radici - Genealogia<\/title>\n<meta name=\"robots\" content=\"index, follow, max-snippet:-1, max-image-preview:large, max-video-preview:-1\" \/>\n<link rel=\"canonical\" href=\"https:\/\/www.radici-genealogia.com\/home\/pasquale-dangelo-1884-1932\/\" \/>\n<meta property=\"og:locale\" content=\"it_IT\" \/>\n<meta property=\"og:type\" content=\"article\" \/>\n<meta property=\"og:title\" content=\"Pasquale D\u2019Angelo (1884 - 1932) - Radici - Genealogia\" \/>\n<meta property=\"og:description\" content=\"Pasquale D\u2019Angelo nasce ad Introdacqua, in provincia dell\u2019Aquila, il 20 gennaio 1894, in una famiglia poverissima. Lavora fin da piccolo nei campi e pascola le poche pecore della famiglia. A scuola pu\u00f2 andare poco: \u00e8 il figlio maggiore e deve aiutare il padre. Eppure dimostra una intelligenza vivissima e grande capacit\u00e0, divenendo uno dei primi [&hellip;]\" \/>\n<meta property=\"og:url\" content=\"https:\/\/www.radici-genealogia.com\/home\/pasquale-dangelo-1884-1932\/\" \/>\n<meta property=\"og:site_name\" content=\"Radici - Genealogia\" \/>\n<meta property=\"article:published_time\" content=\"2025-08-06T11:47:23+00:00\" \/>\n<meta property=\"article:modified_time\" content=\"2026-03-04T12:00:34+00:00\" \/>\n<meta property=\"og:image\" content=\"https:\/\/www.radici-genealogia.com\/wp-content\/uploads\/2025\/08\/Image-copiar.webp\" \/>\n\t<meta property=\"og:image:width\" content=\"775\" \/>\n\t<meta property=\"og:image:height\" content=\"552\" \/>\n\t<meta property=\"og:image:type\" content=\"image\/webp\" \/>\n<meta name=\"author\" content=\"wp_18699517\" \/>\n<meta name=\"twitter:card\" content=\"summary_large_image\" \/>\n<meta name=\"twitter:label1\" content=\"Scritto da\" \/>\n\t<meta name=\"twitter:data1\" content=\"wp_18699517\" \/>\n\t<meta name=\"twitter:label2\" content=\"Tempo di lettura stimato\" \/>\n\t<meta name=\"twitter:data2\" content=\"3 minuti\" \/>\n<script type=\"application\/ld+json\" class=\"yoast-schema-graph\">{\"@context\":\"https:\\\/\\\/schema.org\",\"@graph\":[{\"@type\":\"Article\",\"@id\":\"https:\\\/\\\/www.radici-genealogia.com\\\/home\\\/pasquale-dangelo-1884-1932\\\/#article\",\"isPartOf\":{\"@id\":\"https:\\\/\\\/www.radici-genealogia.com\\\/home\\\/pasquale-dangelo-1884-1932\\\/\"},\"author\":{\"name\":\"wp_18699517\",\"@id\":\"https:\\\/\\\/www.radici-genealogia.com\\\/home\\\/#\\\/schema\\\/person\\\/9b2a392866f77b5210d94ea6cfd98642\"},\"headline\":\"Pasquale D\u2019Angelo (1884 &#8211; 1932)\",\"datePublished\":\"2025-08-06T11:47:23+00:00\",\"dateModified\":\"2026-03-04T12:00:34+00:00\",\"mainEntityOfPage\":{\"@id\":\"https:\\\/\\\/www.radici-genealogia.com\\\/home\\\/pasquale-dangelo-1884-1932\\\/\"},\"wordCount\":571,\"commentCount\":0,\"publisher\":{\"@id\":\"https:\\\/\\\/www.radici-genealogia.com\\\/home\\\/#organization\"},\"image\":{\"@id\":\"https:\\\/\\\/www.radici-genealogia.com\\\/home\\\/pasquale-dangelo-1884-1932\\\/#primaryimage\"},\"thumbnailUrl\":\"https:\\\/\\\/www.radici-genealogia.com\\\/wp-content\\\/uploads\\\/2025\\\/08\\\/Image-copiar.webp\",\"articleSection\":[\"Italiani nel mondo\"],\"inLanguage\":\"it-IT\",\"potentialAction\":[{\"@type\":\"CommentAction\",\"name\":\"Comment\",\"target\":[\"https:\\\/\\\/www.radici-genealogia.com\\\/home\\\/pasquale-dangelo-1884-1932\\\/#respond\"]}]},{\"@type\":\"WebPage\",\"@id\":\"https:\\\/\\\/www.radici-genealogia.com\\\/home\\\/pasquale-dangelo-1884-1932\\\/\",\"url\":\"https:\\\/\\\/www.radici-genealogia.com\\\/home\\\/pasquale-dangelo-1884-1932\\\/\",\"name\":\"Pasquale D\u2019Angelo (1884 - 1932) - Radici - Genealogia\",\"isPartOf\":{\"@id\":\"https:\\\/\\\/www.radici-genealogia.com\\\/home\\\/#website\"},\"primaryImageOfPage\":{\"@id\":\"https:\\\/\\\/www.radici-genealogia.com\\\/home\\\/pasquale-dangelo-1884-1932\\\/#primaryimage\"},\"image\":{\"@id\":\"https:\\\/\\\/www.radici-genealogia.com\\\/home\\\/pasquale-dangelo-1884-1932\\\/#primaryimage\"},\"thumbnailUrl\":\"https:\\\/\\\/www.radici-genealogia.com\\\/wp-content\\\/uploads\\\/2025\\\/08\\\/Image-copiar.webp\",\"datePublished\":\"2025-08-06T11:47:23+00:00\",\"dateModified\":\"2026-03-04T12:00:34+00:00\",\"breadcrumb\":{\"@id\":\"https:\\\/\\\/www.radici-genealogia.com\\\/home\\\/pasquale-dangelo-1884-1932\\\/#breadcrumb\"},\"inLanguage\":\"it-IT\",\"potentialAction\":[{\"@type\":\"ReadAction\",\"target\":[\"https:\\\/\\\/www.radici-genealogia.com\\\/home\\\/pasquale-dangelo-1884-1932\\\/\"]}]},{\"@type\":\"ImageObject\",\"inLanguage\":\"it-IT\",\"@id\":\"https:\\\/\\\/www.radici-genealogia.com\\\/home\\\/pasquale-dangelo-1884-1932\\\/#primaryimage\",\"url\":\"https:\\\/\\\/www.radici-genealogia.com\\\/wp-content\\\/uploads\\\/2025\\\/08\\\/Image-copiar.webp\",\"contentUrl\":\"https:\\\/\\\/www.radici-genealogia.com\\\/wp-content\\\/uploads\\\/2025\\\/08\\\/Image-copiar.webp\",\"width\":775,\"height\":552},{\"@type\":\"BreadcrumbList\",\"@id\":\"https:\\\/\\\/www.radici-genealogia.com\\\/home\\\/pasquale-dangelo-1884-1932\\\/#breadcrumb\",\"itemListElement\":[{\"@type\":\"ListItem\",\"position\":1,\"name\":\"In\u00edcio\",\"item\":\"https:\\\/\\\/www.radici-genealogia.com\\\/home\\\/\"},{\"@type\":\"ListItem\",\"position\":2,\"name\":\"Pasquale D\u2019Angelo (1884 &#8211; 1932)\"}]},{\"@type\":\"WebSite\",\"@id\":\"https:\\\/\\\/www.radici-genealogia.com\\\/home\\\/#website\",\"url\":\"https:\\\/\\\/www.radici-genealogia.com\\\/home\\\/\",\"name\":\"Radice - Genealogia\",\"description\":\"Il tuo Passato determina il tuo Futuro\",\"publisher\":{\"@id\":\"https:\\\/\\\/www.radici-genealogia.com\\\/home\\\/#organization\"},\"potentialAction\":[{\"@type\":\"SearchAction\",\"target\":{\"@type\":\"EntryPoint\",\"urlTemplate\":\"https:\\\/\\\/www.radici-genealogia.com\\\/home\\\/?s={search_term_string}\"},\"query-input\":{\"@type\":\"PropertyValueSpecification\",\"valueRequired\":true,\"valueName\":\"search_term_string\"}}],\"inLanguage\":\"it-IT\"},{\"@type\":\"Organization\",\"@id\":\"https:\\\/\\\/www.radici-genealogia.com\\\/home\\\/#organization\",\"name\":\"Radice - Genealogia\",\"url\":\"https:\\\/\\\/www.radici-genealogia.com\\\/home\\\/\",\"logo\":{\"@type\":\"ImageObject\",\"inLanguage\":\"it-IT\",\"@id\":\"https:\\\/\\\/www.radici-genealogia.com\\\/home\\\/#\\\/schema\\\/logo\\\/image\\\/\",\"url\":\"https:\\\/\\\/www.radici-genealogia.com\\\/wp-content\\\/uploads\\\/2025\\\/08\\\/sito-LOGOFOOTER.png\",\"contentUrl\":\"https:\\\/\\\/www.radici-genealogia.com\\\/wp-content\\\/uploads\\\/2025\\\/08\\\/sito-LOGOFOOTER.png\",\"width\":188,\"height\":71,\"caption\":\"Radice - Genealogia\"},\"image\":{\"@id\":\"https:\\\/\\\/www.radici-genealogia.com\\\/home\\\/#\\\/schema\\\/logo\\\/image\\\/\"},\"sameAs\":[\"https:\\\/\\\/www.instagram.com\\\/_diego_luciano_\"]},{\"@type\":\"Person\",\"@id\":\"https:\\\/\\\/www.radici-genealogia.com\\\/home\\\/#\\\/schema\\\/person\\\/9b2a392866f77b5210d94ea6cfd98642\",\"name\":\"wp_18699517\",\"image\":{\"@type\":\"ImageObject\",\"inLanguage\":\"it-IT\",\"@id\":\"https:\\\/\\\/secure.gravatar.com\\\/avatar\\\/c338bceb963d2f37e7c0dfb2be64f2734a801ab0ff5c0653618b28ee2991d912?s=96&d=mm&r=g\",\"url\":\"https:\\\/\\\/secure.gravatar.com\\\/avatar\\\/c338bceb963d2f37e7c0dfb2be64f2734a801ab0ff5c0653618b28ee2991d912?s=96&d=mm&r=g\",\"contentUrl\":\"https:\\\/\\\/secure.gravatar.com\\\/avatar\\\/c338bceb963d2f37e7c0dfb2be64f2734a801ab0ff5c0653618b28ee2991d912?s=96&d=mm&r=g\",\"caption\":\"wp_18699517\"},\"sameAs\":[\"https:\\\/\\\/www.radici-genealogia.com\"],\"url\":\"https:\\\/\\\/www.radici-genealogia.com\\\/home\\\/author\\\/wp_18699517\\\/\"}]}<\/script>\n<!-- \/ Yoast SEO plugin. -->","yoast_head_json":{"title":"Pasquale D\u2019Angelo (1884 - 1932) - Radici - Genealogia","robots":{"index":"index","follow":"follow","max-snippet":"max-snippet:-1","max-image-preview":"max-image-preview:large","max-video-preview":"max-video-preview:-1"},"canonical":"https:\/\/www.radici-genealogia.com\/home\/pasquale-dangelo-1884-1932\/","og_locale":"it_IT","og_type":"article","og_title":"Pasquale D\u2019Angelo (1884 - 1932) - Radici - Genealogia","og_description":"Pasquale D\u2019Angelo nasce ad Introdacqua, in provincia dell\u2019Aquila, il 20 gennaio 1894, in una famiglia poverissima. Lavora fin da piccolo nei campi e pascola le poche pecore della famiglia. A scuola pu\u00f2 andare poco: \u00e8 il figlio maggiore e deve aiutare il padre. Eppure dimostra una intelligenza vivissima e grande capacit\u00e0, divenendo uno dei primi [&hellip;]","og_url":"https:\/\/www.radici-genealogia.com\/home\/pasquale-dangelo-1884-1932\/","og_site_name":"Radici - Genealogia","article_published_time":"2025-08-06T11:47:23+00:00","article_modified_time":"2026-03-04T12:00:34+00:00","og_image":[{"width":775,"height":552,"url":"https:\/\/www.radici-genealogia.com\/wp-content\/uploads\/2025\/08\/Image-copiar.webp","type":"image\/webp"}],"author":"wp_18699517","twitter_card":"summary_large_image","twitter_misc":{"Scritto da":"wp_18699517","Tempo di lettura stimato":"3 minuti"},"schema":{"@context":"https:\/\/schema.org","@graph":[{"@type":"Article","@id":"https:\/\/www.radici-genealogia.com\/home\/pasquale-dangelo-1884-1932\/#article","isPartOf":{"@id":"https:\/\/www.radici-genealogia.com\/home\/pasquale-dangelo-1884-1932\/"},"author":{"name":"wp_18699517","@id":"https:\/\/www.radici-genealogia.com\/home\/#\/schema\/person\/9b2a392866f77b5210d94ea6cfd98642"},"headline":"Pasquale D\u2019Angelo (1884 &#8211; 1932)","datePublished":"2025-08-06T11:47:23+00:00","dateModified":"2026-03-04T12:00:34+00:00","mainEntityOfPage":{"@id":"https:\/\/www.radici-genealogia.com\/home\/pasquale-dangelo-1884-1932\/"},"wordCount":571,"commentCount":0,"publisher":{"@id":"https:\/\/www.radici-genealogia.com\/home\/#organization"},"image":{"@id":"https:\/\/www.radici-genealogia.com\/home\/pasquale-dangelo-1884-1932\/#primaryimage"},"thumbnailUrl":"https:\/\/www.radici-genealogia.com\/wp-content\/uploads\/2025\/08\/Image-copiar.webp","articleSection":["Italiani nel mondo"],"inLanguage":"it-IT","potentialAction":[{"@type":"CommentAction","name":"Comment","target":["https:\/\/www.radici-genealogia.com\/home\/pasquale-dangelo-1884-1932\/#respond"]}]},{"@type":"WebPage","@id":"https:\/\/www.radici-genealogia.com\/home\/pasquale-dangelo-1884-1932\/","url":"https:\/\/www.radici-genealogia.com\/home\/pasquale-dangelo-1884-1932\/","name":"Pasquale D\u2019Angelo (1884 - 1932) - Radici - Genealogia","isPartOf":{"@id":"https:\/\/www.radici-genealogia.com\/home\/#website"},"primaryImageOfPage":{"@id":"https:\/\/www.radici-genealogia.com\/home\/pasquale-dangelo-1884-1932\/#primaryimage"},"image":{"@id":"https:\/\/www.radici-genealogia.com\/home\/pasquale-dangelo-1884-1932\/#primaryimage"},"thumbnailUrl":"https:\/\/www.radici-genealogia.com\/wp-content\/uploads\/2025\/08\/Image-copiar.webp","datePublished":"2025-08-06T11:47:23+00:00","dateModified":"2026-03-04T12:00:34+00:00","breadcrumb":{"@id":"https:\/\/www.radici-genealogia.com\/home\/pasquale-dangelo-1884-1932\/#breadcrumb"},"inLanguage":"it-IT","potentialAction":[{"@type":"ReadAction","target":["https:\/\/www.radici-genealogia.com\/home\/pasquale-dangelo-1884-1932\/"]}]},{"@type":"ImageObject","inLanguage":"it-IT","@id":"https:\/\/www.radici-genealogia.com\/home\/pasquale-dangelo-1884-1932\/#primaryimage","url":"https:\/\/www.radici-genealogia.com\/wp-content\/uploads\/2025\/08\/Image-copiar.webp","contentUrl":"https:\/\/www.radici-genealogia.com\/wp-content\/uploads\/2025\/08\/Image-copiar.webp","width":775,"height":552},{"@type":"BreadcrumbList","@id":"https:\/\/www.radici-genealogia.com\/home\/pasquale-dangelo-1884-1932\/#breadcrumb","itemListElement":[{"@type":"ListItem","position":1,"name":"In\u00edcio","item":"https:\/\/www.radici-genealogia.com\/home\/"},{"@type":"ListItem","position":2,"name":"Pasquale D\u2019Angelo (1884 &#8211; 1932)"}]},{"@type":"WebSite","@id":"https:\/\/www.radici-genealogia.com\/home\/#website","url":"https:\/\/www.radici-genealogia.com\/home\/","name":"Radice - Genealogia","description":"Il tuo Passato determina il tuo Futuro","publisher":{"@id":"https:\/\/www.radici-genealogia.com\/home\/#organization"},"potentialAction":[{"@type":"SearchAction","target":{"@type":"EntryPoint","urlTemplate":"https:\/\/www.radici-genealogia.com\/home\/?s={search_term_string}"},"query-input":{"@type":"PropertyValueSpecification","valueRequired":true,"valueName":"search_term_string"}}],"inLanguage":"it-IT"},{"@type":"Organization","@id":"https:\/\/www.radici-genealogia.com\/home\/#organization","name":"Radice - Genealogia","url":"https:\/\/www.radici-genealogia.com\/home\/","logo":{"@type":"ImageObject","inLanguage":"it-IT","@id":"https:\/\/www.radici-genealogia.com\/home\/#\/schema\/logo\/image\/","url":"https:\/\/www.radici-genealogia.com\/wp-content\/uploads\/2025\/08\/sito-LOGOFOOTER.png","contentUrl":"https:\/\/www.radici-genealogia.com\/wp-content\/uploads\/2025\/08\/sito-LOGOFOOTER.png","width":188,"height":71,"caption":"Radice - Genealogia"},"image":{"@id":"https:\/\/www.radici-genealogia.com\/home\/#\/schema\/logo\/image\/"},"sameAs":["https:\/\/www.instagram.com\/_diego_luciano_"]},{"@type":"Person","@id":"https:\/\/www.radici-genealogia.com\/home\/#\/schema\/person\/9b2a392866f77b5210d94ea6cfd98642","name":"wp_18699517","image":{"@type":"ImageObject","inLanguage":"it-IT","@id":"https:\/\/secure.gravatar.com\/avatar\/c338bceb963d2f37e7c0dfb2be64f2734a801ab0ff5c0653618b28ee2991d912?s=96&d=mm&r=g","url":"https:\/\/secure.gravatar.com\/avatar\/c338bceb963d2f37e7c0dfb2be64f2734a801ab0ff5c0653618b28ee2991d912?s=96&d=mm&r=g","contentUrl":"https:\/\/secure.gravatar.com\/avatar\/c338bceb963d2f37e7c0dfb2be64f2734a801ab0ff5c0653618b28ee2991d912?s=96&d=mm&r=g","caption":"wp_18699517"},"sameAs":["https:\/\/www.radici-genealogia.com"],"url":"https:\/\/www.radici-genealogia.com\/home\/author\/wp_18699517\/"}]}},"_links":{"self":[{"href":"https:\/\/www.radici-genealogia.com\/home\/wp-json\/wp\/v2\/posts\/429","targetHints":{"allow":["GET"]}}],"collection":[{"href":"https:\/\/www.radici-genealogia.com\/home\/wp-json\/wp\/v2\/posts"}],"about":[{"href":"https:\/\/www.radici-genealogia.com\/home\/wp-json\/wp\/v2\/types\/post"}],"author":[{"embeddable":true,"href":"https:\/\/www.radici-genealogia.com\/home\/wp-json\/wp\/v2\/users\/1"}],"replies":[{"embeddable":true,"href":"https:\/\/www.radici-genealogia.com\/home\/wp-json\/wp\/v2\/comments?post=429"}],"version-history":[{"count":3,"href":"https:\/\/www.radici-genealogia.com\/home\/wp-json\/wp\/v2\/posts\/429\/revisions"}],"predecessor-version":[{"id":1517,"href":"https:\/\/www.radici-genealogia.com\/home\/wp-json\/wp\/v2\/posts\/429\/revisions\/1517"}],"wp:featuredmedia":[{"embeddable":true,"href":"https:\/\/www.radici-genealogia.com\/home\/wp-json\/wp\/v2\/media\/771"}],"wp:attachment":[{"href":"https:\/\/www.radici-genealogia.com\/home\/wp-json\/wp\/v2\/media?parent=429"}],"wp:term":[{"taxonomy":"category","embeddable":true,"href":"https:\/\/www.radici-genealogia.com\/home\/wp-json\/wp\/v2\/categories?post=429"},{"taxonomy":"post_tag","embeddable":true,"href":"https:\/\/www.radici-genealogia.com\/home\/wp-json\/wp\/v2\/tags?post=429"}],"curies":[{"name":"wp","href":"https:\/\/api.w.org\/{rel}","templated":true}]}}