{"id":426,"date":"2025-08-06T13:41:02","date_gmt":"2025-08-06T11:41:02","guid":{"rendered":"https:\/\/www.radici-genealogia.com\/?p=426"},"modified":"2025-08-07T19:31:01","modified_gmt":"2025-08-07T17:31:01","slug":"armando-boni-da-parma-al-brasile-1886-1946","status":"publish","type":"post","link":"https:\/\/www.radici-genealogia.com\/home\/armando-boni-da-parma-al-brasile-1886-1946\/","title":{"rendered":"Armando Boni, da Parma al Brasile (1886 \u2013 1946)"},"content":{"rendered":"\n<p class=\"wp-block-paragraph\">Emigrato nel 1913, visse a Porto Alegre, dove insegn\u00f2 alla Scuola di Ingegneria e costru\u00ec diversi edifici.<\/p>\n\n\n\n<p class=\"wp-block-paragraph\">A trasmetterci questa storia di emigrazione \u00e8 Corrado Truffelli, presidente dell&#8217;associazione Centro Studi Cardinale Agostino Casaroli di Bedonia (Parma). Ne \u00e8 protagonista Armando Boni, un ingegnere emiliano, nato a Castelfranco Emilia nel 1886. Era figlio di Raffaele Boni, morto nel 1931, e di Emma Nannetti, nata nel 1865, entrambi deceduti a Parma, dove abitavano.<\/p>\n\n\n\n<p class=\"wp-block-paragraph\">Il loro figlio Armando Boni emigr\u00f2 in Brasile nel 1913 dopo aver compiuto studi di ingegneria alle Universit\u00e0 di Bologna e di Parma, e dopo aver fatto una prima visita in Brasile nel 1911, a Porto Alegre, per preparare la sua vita futura. Sposato a Parma con Giuditta Lupi, lavorava nella Societ\u00e0 Emiliana di Esercizi Elettrici prima di espatriare. Si sono sposati nel 1913 e sono partiti per il Brasile subito dopo il matrimonio. Armando e Giuditta avevano cinque figli.<\/p>\n\n\n\n<p class=\"wp-block-paragraph\">Come ingegnere, Armando si inser\u00ec subito nel mondo della professione, sviluppando progetti di dighe, strade, serbatoi per il trattamento delle acque, a Porto Alegre e in altre citt\u00e0 del Rio Grande do Sul. Insegn\u00f2 anche nella Universit\u00e0 di Rio Grande do Sul, in quella che allora era la Scuola di Ingegneria, prima di diventare l\u2019attuale Facolt\u00e0 di Ingegneria dell\u2019Universit\u00e0. Fu il primo ingegnere a usare il cemento armato in citt\u00e0 secondo le tecniche moderne. A Porto Alegre costru\u00ec molti edifici e fu direttore della Ferco, fabbrica di manufatti in cemento armato, passata ai figli Danilo, Oliviero e Benito alla sua morte nel 1946.<\/p>\n\n\n\n<p class=\"wp-block-paragraph\">Tra le opere che portano la sua firma, ricordiamo a Porto Alegre l\u2019impianto acustico dell\u2019antico Auditorium Ara\u00fajo Vianna (1926); il cimitero S\u00e3o Miguel e Almas; il Palacinho del vice governatore dello Stato, residenza della famiglia Meneghetti (1930); Casa Boni, vale a dire la dimora di famiglia; le due residenze di Guido Corbetta e quella della famiglia Sanchez; la Libreria del Globo (1924); gli edifici della Banca Francese e di quella Italiana. Fuori Porto Alegre, Armando Boni ha realizzato una fabbrica nella citt\u00e0 di Garibaldi; gli impianti per l\u2019energia idroelettrica di Ant\u00f4nio Prado e di Caxias do Sul; la sede del&nbsp; Club Canottieri Duca Degli Abruzzi; il Club Nautico Tamandar\u00e9 a Cachoeira do Sul.<\/p>\n\n\n\n<p class=\"wp-block-paragraph\">A ricostruire le vicende della famiglia Boni \u00e8 stata la signora Silvana Boni De Souza, che aveva scritto a Truffelli per chiedere notizie di un suo congiunto. Le radici parmensi della signora brasiliana partono da Michele Orsi, nato nel 1822, figlio di Pietro Orsi e Catterina Montecchi. Michele spos\u00f2 Maria Parolini, e dalla loro unione nacque nel 1855 Rosalinda Orsi. Rosalinda spos\u00f2 nel 1879 Biagio Lupi a Pellegrino Parmense. La loro figlia Giuditta Lupi \u00e8 la nonna di Silvana Boni De Souza e moglie del nostro ingegnere Armando Boni.<br><br><br>\u00a0<em>(fonte: \u201cMigER \u2013 museo virtuale dell\u2019emigrazione emiliano-romagnola nel mondo&#8221;)<\/em><\/p>\n","protected":false},"excerpt":{"rendered":"<p>Emigrato nel 1913, visse a Porto Alegre, dove insegn\u00f2 alla Scuola di Ingegneria e costru\u00ec diversi edifici. A trasmetterci questa storia di emigrazione \u00e8 Corrado Truffelli, presidente dell&#8217;associazione Centro Studi Cardinale Agostino Casaroli di Bedonia (Parma). Ne \u00e8 protagonista Armando Boni, un ingegnere emiliano, nato a Castelfranco Emilia nel 1886. Era figlio di Raffaele Boni, [&hellip;]<\/p>\n","protected":false},"author":1,"featured_media":772,"comment_status":"open","ping_status":"open","sticky":false,"template":"","format":"standard","meta":{"_seopress_titles_title":"","_seopress_titles_desc":"","_seopress_robots_index":"","_seopress_robots_follow":"","_seopress_robots_imageindex":"","_seopress_robots_snippet":"","_seopress_robots_primary_cat":"0","_seopress_robots_breadcrumbs":"","_seopress_robots_freeze_modified_date":"","_seopress_robots_custom_modified_date":"","_seopress_robots_canonical":"","_seopress_social_fb_title":"","_seopress_social_fb_desc":"","_seopress_social_fb_img":"","_seopress_social_fb_img_attachment_id":0,"_seopress_social_fb_img_width":0,"_seopress_social_fb_img_height":0,"_seopress_social_twitter_title":"","_seopress_social_twitter_desc":"","_seopress_social_twitter_img":"","_seopress_social_twitter_img_attachment_id":0,"_seopress_social_twitter_img_width":0,"_seopress_social_twitter_img_height":0,"_seopress_redirections_value":"","_seopress_redirections_enabled":"","_seopress_redirections_enabled_regex":"","_seopress_redirections_logged_status":"","_seopress_redirections_param":"","_seopress_redirections_type":0,"_seopress_analysis_target_kw":"","footnotes":""},"categories":[9],"tags":[],"class_list":["post-426","post","type-post","status-publish","format-standard","has-post-thumbnail","hentry","category-italiani-nel-mondo"],"yoast_head":"<!-- This site is optimized with the Yoast SEO plugin v28.3 - https:\/\/yoast.com\/product\/yoast-seo-wordpress\/ -->\n<title>Armando Boni, da Parma al Brasile (1886 \u2013 1946) - Radici - Genealogia<\/title>\n<meta name=\"robots\" content=\"index, follow, max-snippet:-1, max-image-preview:large, max-video-preview:-1\" \/>\n<link rel=\"canonical\" href=\"https:\/\/www.radici-genealogia.com\/home\/armando-boni-da-parma-al-brasile-1886-1946\/\" \/>\n<meta property=\"og:locale\" content=\"it_IT\" \/>\n<meta property=\"og:type\" content=\"article\" \/>\n<meta property=\"og:title\" content=\"Armando Boni, da Parma al Brasile (1886 \u2013 1946) - Radici - Genealogia\" \/>\n<meta property=\"og:description\" content=\"Emigrato nel 1913, visse a Porto Alegre, dove insegn\u00f2 alla Scuola di Ingegneria e costru\u00ec diversi edifici. A trasmetterci questa storia di emigrazione \u00e8 Corrado Truffelli, presidente dell&#8217;associazione Centro Studi Cardinale Agostino Casaroli di Bedonia (Parma). Ne \u00e8 protagonista Armando Boni, un ingegnere emiliano, nato a Castelfranco Emilia nel 1886. Era figlio di Raffaele Boni, [&hellip;]\" \/>\n<meta property=\"og:url\" content=\"https:\/\/www.radici-genealogia.com\/home\/armando-boni-da-parma-al-brasile-1886-1946\/\" \/>\n<meta property=\"og:site_name\" content=\"Radici - Genealogia\" \/>\n<meta property=\"article:published_time\" content=\"2025-08-06T11:41:02+00:00\" \/>\n<meta property=\"article:modified_time\" content=\"2025-08-07T17:31:01+00:00\" \/>\n<meta property=\"og:image\" content=\"https:\/\/www.radici-genealogia.com\/wp-content\/uploads\/2025\/08\/Image-1-copiar.webp\" \/>\n\t<meta property=\"og:image:width\" content=\"775\" \/>\n\t<meta property=\"og:image:height\" content=\"552\" \/>\n\t<meta property=\"og:image:type\" content=\"image\/webp\" \/>\n<meta name=\"author\" content=\"wp_18699517\" \/>\n<meta name=\"twitter:card\" content=\"summary_large_image\" \/>\n<meta name=\"twitter:label1\" content=\"Scritto da\" \/>\n\t<meta name=\"twitter:data1\" content=\"wp_18699517\" \/>\n\t<meta name=\"twitter:label2\" content=\"Tempo di lettura stimato\" \/>\n\t<meta name=\"twitter:data2\" content=\"2 minuti\" \/>\n<script type=\"application\/ld+json\" class=\"yoast-schema-graph\">{\"@context\":\"https:\\\/\\\/schema.org\",\"@graph\":[{\"@type\":\"Article\",\"@id\":\"https:\\\/\\\/www.radici-genealogia.com\\\/home\\\/armando-boni-da-parma-al-brasile-1886-1946\\\/#article\",\"isPartOf\":{\"@id\":\"https:\\\/\\\/www.radici-genealogia.com\\\/home\\\/armando-boni-da-parma-al-brasile-1886-1946\\\/\"},\"author\":{\"name\":\"wp_18699517\",\"@id\":\"https:\\\/\\\/www.radici-genealogia.com\\\/home\\\/#\\\/schema\\\/person\\\/9b2a392866f77b5210d94ea6cfd98642\"},\"headline\":\"Armando Boni, da Parma al Brasile (1886 \u2013 1946)\",\"datePublished\":\"2025-08-06T11:41:02+00:00\",\"dateModified\":\"2025-08-07T17:31:01+00:00\",\"mainEntityOfPage\":{\"@id\":\"https:\\\/\\\/www.radici-genealogia.com\\\/home\\\/armando-boni-da-parma-al-brasile-1886-1946\\\/\"},\"wordCount\":463,\"commentCount\":0,\"publisher\":{\"@id\":\"https:\\\/\\\/www.radici-genealogia.com\\\/home\\\/#organization\"},\"image\":{\"@id\":\"https:\\\/\\\/www.radici-genealogia.com\\\/home\\\/armando-boni-da-parma-al-brasile-1886-1946\\\/#primaryimage\"},\"thumbnailUrl\":\"https:\\\/\\\/www.radici-genealogia.com\\\/wp-content\\\/uploads\\\/2025\\\/08\\\/Image-1-copiar.webp\",\"articleSection\":[\"Italiani nel mondo\"],\"inLanguage\":\"it-IT\",\"potentialAction\":[{\"@type\":\"CommentAction\",\"name\":\"Comment\",\"target\":[\"https:\\\/\\\/www.radici-genealogia.com\\\/home\\\/armando-boni-da-parma-al-brasile-1886-1946\\\/#respond\"]}]},{\"@type\":\"WebPage\",\"@id\":\"https:\\\/\\\/www.radici-genealogia.com\\\/home\\\/armando-boni-da-parma-al-brasile-1886-1946\\\/\",\"url\":\"https:\\\/\\\/www.radici-genealogia.com\\\/home\\\/armando-boni-da-parma-al-brasile-1886-1946\\\/\",\"name\":\"Armando Boni, da Parma al Brasile (1886 \u2013 1946) - Radici - Genealogia\",\"isPartOf\":{\"@id\":\"https:\\\/\\\/www.radici-genealogia.com\\\/home\\\/#website\"},\"primaryImageOfPage\":{\"@id\":\"https:\\\/\\\/www.radici-genealogia.com\\\/home\\\/armando-boni-da-parma-al-brasile-1886-1946\\\/#primaryimage\"},\"image\":{\"@id\":\"https:\\\/\\\/www.radici-genealogia.com\\\/home\\\/armando-boni-da-parma-al-brasile-1886-1946\\\/#primaryimage\"},\"thumbnailUrl\":\"https:\\\/\\\/www.radici-genealogia.com\\\/wp-content\\\/uploads\\\/2025\\\/08\\\/Image-1-copiar.webp\",\"datePublished\":\"2025-08-06T11:41:02+00:00\",\"dateModified\":\"2025-08-07T17:31:01+00:00\",\"breadcrumb\":{\"@id\":\"https:\\\/\\\/www.radici-genealogia.com\\\/home\\\/armando-boni-da-parma-al-brasile-1886-1946\\\/#breadcrumb\"},\"inLanguage\":\"it-IT\",\"potentialAction\":[{\"@type\":\"ReadAction\",\"target\":[\"https:\\\/\\\/www.radici-genealogia.com\\\/home\\\/armando-boni-da-parma-al-brasile-1886-1946\\\/\"]}]},{\"@type\":\"ImageObject\",\"inLanguage\":\"it-IT\",\"@id\":\"https:\\\/\\\/www.radici-genealogia.com\\\/home\\\/armando-boni-da-parma-al-brasile-1886-1946\\\/#primaryimage\",\"url\":\"https:\\\/\\\/www.radici-genealogia.com\\\/wp-content\\\/uploads\\\/2025\\\/08\\\/Image-1-copiar.webp\",\"contentUrl\":\"https:\\\/\\\/www.radici-genealogia.com\\\/wp-content\\\/uploads\\\/2025\\\/08\\\/Image-1-copiar.webp\",\"width\":775,\"height\":552},{\"@type\":\"BreadcrumbList\",\"@id\":\"https:\\\/\\\/www.radici-genealogia.com\\\/home\\\/armando-boni-da-parma-al-brasile-1886-1946\\\/#breadcrumb\",\"itemListElement\":[{\"@type\":\"ListItem\",\"position\":1,\"name\":\"In\u00edcio\",\"item\":\"https:\\\/\\\/www.radici-genealogia.com\\\/home\\\/\"},{\"@type\":\"ListItem\",\"position\":2,\"name\":\"Armando Boni, da Parma al Brasile (1886 \u2013 1946)\"}]},{\"@type\":\"WebSite\",\"@id\":\"https:\\\/\\\/www.radici-genealogia.com\\\/home\\\/#website\",\"url\":\"https:\\\/\\\/www.radici-genealogia.com\\\/home\\\/\",\"name\":\"Radice - Genealogia\",\"description\":\"Il tuo Passato determina il tuo Futuro\",\"publisher\":{\"@id\":\"https:\\\/\\\/www.radici-genealogia.com\\\/home\\\/#organization\"},\"potentialAction\":[{\"@type\":\"SearchAction\",\"target\":{\"@type\":\"EntryPoint\",\"urlTemplate\":\"https:\\\/\\\/www.radici-genealogia.com\\\/home\\\/?s={search_term_string}\"},\"query-input\":{\"@type\":\"PropertyValueSpecification\",\"valueRequired\":true,\"valueName\":\"search_term_string\"}}],\"inLanguage\":\"it-IT\"},{\"@type\":\"Organization\",\"@id\":\"https:\\\/\\\/www.radici-genealogia.com\\\/home\\\/#organization\",\"name\":\"Radice - Genealogia\",\"url\":\"https:\\\/\\\/www.radici-genealogia.com\\\/home\\\/\",\"logo\":{\"@type\":\"ImageObject\",\"inLanguage\":\"it-IT\",\"@id\":\"https:\\\/\\\/www.radici-genealogia.com\\\/home\\\/#\\\/schema\\\/logo\\\/image\\\/\",\"url\":\"https:\\\/\\\/www.radici-genealogia.com\\\/wp-content\\\/uploads\\\/2025\\\/08\\\/sito-LOGOFOOTER.png\",\"contentUrl\":\"https:\\\/\\\/www.radici-genealogia.com\\\/wp-content\\\/uploads\\\/2025\\\/08\\\/sito-LOGOFOOTER.png\",\"width\":188,\"height\":71,\"caption\":\"Radice - Genealogia\"},\"image\":{\"@id\":\"https:\\\/\\\/www.radici-genealogia.com\\\/home\\\/#\\\/schema\\\/logo\\\/image\\\/\"},\"sameAs\":[\"https:\\\/\\\/www.instagram.com\\\/_diego_luciano_\"]},{\"@type\":\"Person\",\"@id\":\"https:\\\/\\\/www.radici-genealogia.com\\\/home\\\/#\\\/schema\\\/person\\\/9b2a392866f77b5210d94ea6cfd98642\",\"name\":\"wp_18699517\",\"image\":{\"@type\":\"ImageObject\",\"inLanguage\":\"it-IT\",\"@id\":\"https:\\\/\\\/secure.gravatar.com\\\/avatar\\\/c338bceb963d2f37e7c0dfb2be64f2734a801ab0ff5c0653618b28ee2991d912?s=96&d=mm&r=g\",\"url\":\"https:\\\/\\\/secure.gravatar.com\\\/avatar\\\/c338bceb963d2f37e7c0dfb2be64f2734a801ab0ff5c0653618b28ee2991d912?s=96&d=mm&r=g\",\"contentUrl\":\"https:\\\/\\\/secure.gravatar.com\\\/avatar\\\/c338bceb963d2f37e7c0dfb2be64f2734a801ab0ff5c0653618b28ee2991d912?s=96&d=mm&r=g\",\"caption\":\"wp_18699517\"},\"sameAs\":[\"https:\\\/\\\/www.radici-genealogia.com\"],\"url\":\"https:\\\/\\\/www.radici-genealogia.com\\\/home\\\/author\\\/wp_18699517\\\/\"}]}<\/script>\n<!-- \/ Yoast SEO plugin. -->","yoast_head_json":{"title":"Armando Boni, da Parma al Brasile (1886 \u2013 1946) - Radici - Genealogia","robots":{"index":"index","follow":"follow","max-snippet":"max-snippet:-1","max-image-preview":"max-image-preview:large","max-video-preview":"max-video-preview:-1"},"canonical":"https:\/\/www.radici-genealogia.com\/home\/armando-boni-da-parma-al-brasile-1886-1946\/","og_locale":"it_IT","og_type":"article","og_title":"Armando Boni, da Parma al Brasile (1886 \u2013 1946) - Radici - Genealogia","og_description":"Emigrato nel 1913, visse a Porto Alegre, dove insegn\u00f2 alla Scuola di Ingegneria e costru\u00ec diversi edifici. A trasmetterci questa storia di emigrazione \u00e8 Corrado Truffelli, presidente dell&#8217;associazione Centro Studi Cardinale Agostino Casaroli di Bedonia (Parma). Ne \u00e8 protagonista Armando Boni, un ingegnere emiliano, nato a Castelfranco Emilia nel 1886. Era figlio di Raffaele Boni, [&hellip;]","og_url":"https:\/\/www.radici-genealogia.com\/home\/armando-boni-da-parma-al-brasile-1886-1946\/","og_site_name":"Radici - Genealogia","article_published_time":"2025-08-06T11:41:02+00:00","article_modified_time":"2025-08-07T17:31:01+00:00","og_image":[{"width":775,"height":552,"url":"https:\/\/www.radici-genealogia.com\/wp-content\/uploads\/2025\/08\/Image-1-copiar.webp","type":"image\/webp"}],"author":"wp_18699517","twitter_card":"summary_large_image","twitter_misc":{"Scritto da":"wp_18699517","Tempo di lettura stimato":"2 minuti"},"schema":{"@context":"https:\/\/schema.org","@graph":[{"@type":"Article","@id":"https:\/\/www.radici-genealogia.com\/home\/armando-boni-da-parma-al-brasile-1886-1946\/#article","isPartOf":{"@id":"https:\/\/www.radici-genealogia.com\/home\/armando-boni-da-parma-al-brasile-1886-1946\/"},"author":{"name":"wp_18699517","@id":"https:\/\/www.radici-genealogia.com\/home\/#\/schema\/person\/9b2a392866f77b5210d94ea6cfd98642"},"headline":"Armando Boni, da Parma al Brasile (1886 \u2013 1946)","datePublished":"2025-08-06T11:41:02+00:00","dateModified":"2025-08-07T17:31:01+00:00","mainEntityOfPage":{"@id":"https:\/\/www.radici-genealogia.com\/home\/armando-boni-da-parma-al-brasile-1886-1946\/"},"wordCount":463,"commentCount":0,"publisher":{"@id":"https:\/\/www.radici-genealogia.com\/home\/#organization"},"image":{"@id":"https:\/\/www.radici-genealogia.com\/home\/armando-boni-da-parma-al-brasile-1886-1946\/#primaryimage"},"thumbnailUrl":"https:\/\/www.radici-genealogia.com\/wp-content\/uploads\/2025\/08\/Image-1-copiar.webp","articleSection":["Italiani nel mondo"],"inLanguage":"it-IT","potentialAction":[{"@type":"CommentAction","name":"Comment","target":["https:\/\/www.radici-genealogia.com\/home\/armando-boni-da-parma-al-brasile-1886-1946\/#respond"]}]},{"@type":"WebPage","@id":"https:\/\/www.radici-genealogia.com\/home\/armando-boni-da-parma-al-brasile-1886-1946\/","url":"https:\/\/www.radici-genealogia.com\/home\/armando-boni-da-parma-al-brasile-1886-1946\/","name":"Armando Boni, da Parma al Brasile (1886 \u2013 1946) - Radici - Genealogia","isPartOf":{"@id":"https:\/\/www.radici-genealogia.com\/home\/#website"},"primaryImageOfPage":{"@id":"https:\/\/www.radici-genealogia.com\/home\/armando-boni-da-parma-al-brasile-1886-1946\/#primaryimage"},"image":{"@id":"https:\/\/www.radici-genealogia.com\/home\/armando-boni-da-parma-al-brasile-1886-1946\/#primaryimage"},"thumbnailUrl":"https:\/\/www.radici-genealogia.com\/wp-content\/uploads\/2025\/08\/Image-1-copiar.webp","datePublished":"2025-08-06T11:41:02+00:00","dateModified":"2025-08-07T17:31:01+00:00","breadcrumb":{"@id":"https:\/\/www.radici-genealogia.com\/home\/armando-boni-da-parma-al-brasile-1886-1946\/#breadcrumb"},"inLanguage":"it-IT","potentialAction":[{"@type":"ReadAction","target":["https:\/\/www.radici-genealogia.com\/home\/armando-boni-da-parma-al-brasile-1886-1946\/"]}]},{"@type":"ImageObject","inLanguage":"it-IT","@id":"https:\/\/www.radici-genealogia.com\/home\/armando-boni-da-parma-al-brasile-1886-1946\/#primaryimage","url":"https:\/\/www.radici-genealogia.com\/wp-content\/uploads\/2025\/08\/Image-1-copiar.webp","contentUrl":"https:\/\/www.radici-genealogia.com\/wp-content\/uploads\/2025\/08\/Image-1-copiar.webp","width":775,"height":552},{"@type":"BreadcrumbList","@id":"https:\/\/www.radici-genealogia.com\/home\/armando-boni-da-parma-al-brasile-1886-1946\/#breadcrumb","itemListElement":[{"@type":"ListItem","position":1,"name":"In\u00edcio","item":"https:\/\/www.radici-genealogia.com\/home\/"},{"@type":"ListItem","position":2,"name":"Armando Boni, da Parma al Brasile (1886 \u2013 1946)"}]},{"@type":"WebSite","@id":"https:\/\/www.radici-genealogia.com\/home\/#website","url":"https:\/\/www.radici-genealogia.com\/home\/","name":"Radice - Genealogia","description":"Il tuo Passato determina il tuo Futuro","publisher":{"@id":"https:\/\/www.radici-genealogia.com\/home\/#organization"},"potentialAction":[{"@type":"SearchAction","target":{"@type":"EntryPoint","urlTemplate":"https:\/\/www.radici-genealogia.com\/home\/?s={search_term_string}"},"query-input":{"@type":"PropertyValueSpecification","valueRequired":true,"valueName":"search_term_string"}}],"inLanguage":"it-IT"},{"@type":"Organization","@id":"https:\/\/www.radici-genealogia.com\/home\/#organization","name":"Radice - Genealogia","url":"https:\/\/www.radici-genealogia.com\/home\/","logo":{"@type":"ImageObject","inLanguage":"it-IT","@id":"https:\/\/www.radici-genealogia.com\/home\/#\/schema\/logo\/image\/","url":"https:\/\/www.radici-genealogia.com\/wp-content\/uploads\/2025\/08\/sito-LOGOFOOTER.png","contentUrl":"https:\/\/www.radici-genealogia.com\/wp-content\/uploads\/2025\/08\/sito-LOGOFOOTER.png","width":188,"height":71,"caption":"Radice - Genealogia"},"image":{"@id":"https:\/\/www.radici-genealogia.com\/home\/#\/schema\/logo\/image\/"},"sameAs":["https:\/\/www.instagram.com\/_diego_luciano_"]},{"@type":"Person","@id":"https:\/\/www.radici-genealogia.com\/home\/#\/schema\/person\/9b2a392866f77b5210d94ea6cfd98642","name":"wp_18699517","image":{"@type":"ImageObject","inLanguage":"it-IT","@id":"https:\/\/secure.gravatar.com\/avatar\/c338bceb963d2f37e7c0dfb2be64f2734a801ab0ff5c0653618b28ee2991d912?s=96&d=mm&r=g","url":"https:\/\/secure.gravatar.com\/avatar\/c338bceb963d2f37e7c0dfb2be64f2734a801ab0ff5c0653618b28ee2991d912?s=96&d=mm&r=g","contentUrl":"https:\/\/secure.gravatar.com\/avatar\/c338bceb963d2f37e7c0dfb2be64f2734a801ab0ff5c0653618b28ee2991d912?s=96&d=mm&r=g","caption":"wp_18699517"},"sameAs":["https:\/\/www.radici-genealogia.com"],"url":"https:\/\/www.radici-genealogia.com\/home\/author\/wp_18699517\/"}]}},"_links":{"self":[{"href":"https:\/\/www.radici-genealogia.com\/home\/wp-json\/wp\/v2\/posts\/426","targetHints":{"allow":["GET"]}}],"collection":[{"href":"https:\/\/www.radici-genealogia.com\/home\/wp-json\/wp\/v2\/posts"}],"about":[{"href":"https:\/\/www.radici-genealogia.com\/home\/wp-json\/wp\/v2\/types\/post"}],"author":[{"embeddable":true,"href":"https:\/\/www.radici-genealogia.com\/home\/wp-json\/wp\/v2\/users\/1"}],"replies":[{"embeddable":true,"href":"https:\/\/www.radici-genealogia.com\/home\/wp-json\/wp\/v2\/comments?post=426"}],"version-history":[{"count":1,"href":"https:\/\/www.radici-genealogia.com\/home\/wp-json\/wp\/v2\/posts\/426\/revisions"}],"predecessor-version":[{"id":428,"href":"https:\/\/www.radici-genealogia.com\/home\/wp-json\/wp\/v2\/posts\/426\/revisions\/428"}],"wp:featuredmedia":[{"embeddable":true,"href":"https:\/\/www.radici-genealogia.com\/home\/wp-json\/wp\/v2\/media\/772"}],"wp:attachment":[{"href":"https:\/\/www.radici-genealogia.com\/home\/wp-json\/wp\/v2\/media?parent=426"}],"wp:term":[{"taxonomy":"category","embeddable":true,"href":"https:\/\/www.radici-genealogia.com\/home\/wp-json\/wp\/v2\/categories?post=426"},{"taxonomy":"post_tag","embeddable":true,"href":"https:\/\/www.radici-genealogia.com\/home\/wp-json\/wp\/v2\/tags?post=426"}],"curies":[{"name":"wp","href":"https:\/\/api.w.org\/{rel}","templated":true}]}}