{"id":1590,"date":"2026-03-15T02:42:30","date_gmt":"2026-03-15T01:42:30","guid":{"rendered":"https:\/\/www.radici-genealogia.com\/home\/?p=1590"},"modified":"2026-03-15T02:42:32","modified_gmt":"2026-03-15T01:42:32","slug":"l-infanzia-abbandonata","status":"publish","type":"post","link":"https:\/\/www.radici-genealogia.com\/home\/l-infanzia-abbandonata\/","title":{"rendered":"L&#8217;infanzia abbandonata"},"content":{"rendered":"<p>L&#8217;abbandono dei neonati, o il fenomeno degli &#8220;esposti&#8221;, rappresenta una delle pagine pi\u00f9 dense di umanit\u00e0 e al contempo di tragedia sociale della storia italiana. Tra l&#8217;Ottocento e l&#8217;inizio del Novecento, l&#8217;Italia deteneva uno dei tassi di abbandono pi\u00f9 alti d&#8217;Europa, un sistema complesso regolato da istituzioni caritatevoli e norme giuridiche in continua evoluzione.<\/p>\n<p><!-- \/wp:post-content --><!-- wp:paragraph --><\/p>\n<p>L&#8217;abbandono non era quasi mai una scelta di disinteresse, ma una strategia di sopravvivenza estrema. Secondo le analisi di Mariagrazia Corni*,<strong> le cause<\/strong> principali nel periodo post-unitario (1861-1900) erano:<\/p>\n<p><!-- \/wp:paragraph --><!-- wp:paragraph --><\/p>\n<ul>\n<li>Miseria estrema: L&#8217;impossibilit\u00e0 economica di nutrire una bocca in pi\u00f9.<\/li>\n<\/ul>\n<p><!-- \/wp:paragraph --><!-- wp:paragraph --><\/p>\n<ul>\n<li>Illegittimit\u00e0: Lo stigma sociale legato ai figli nati fuori dal matrimonio (i &#8220;figli del peccato&#8221;).<\/li>\n<\/ul>\n<p><!-- \/wp:paragraph --><!-- wp:paragraph --><\/p>\n<ul>\n<li>Morte della madre: Spesso durante il parto, lasciando il padre incapace di gestire un neonato.<\/li>\n<\/ul>\n<p><!-- \/wp:paragraph --><!-- wp:paragraph --><\/p>\n<p>Il simbolo indiscusso di questo fenomeno \u00e8 <strong>la Ruota<\/strong> degli Esposti. Si trattava di un cilindro di legno girevole inserito nel muro di ospedali o conventi. La madre deponeva il bambino all&#8217;esterno, suonava un campanello e faceva girare la ruota; all&#8217;interno, il personale prelevava il piccolo garantendo l&#8217;anonimato totale.<\/p>\n<p>Una volta accolto, il bambino veniva registrato. Spesso le madri lasciavano dei &#8220;segnali&#8221; (met\u00e0 di una medaglietta, un nastrino, un pezzo di carta scritto): erano prove di identit\u00e0 nella <strong>speranza<\/strong>, raramente realizzata, di poter un giorno riscattare il figlio.<\/p>\n<p><!-- \/wp:paragraph --><!-- wp:paragraph --><\/p>\n<p><strong>L&#8217;assegnazione finale<\/strong> seguiva un percorso preciso:<\/p>\n<p><!-- \/wp:paragraph --><!-- wp:paragraph --><\/p>\n<ul>\n<li>Balie interne: Per il primo nutrimento.<\/li>\n<\/ul>\n<p><!-- \/wp:paragraph --><!-- wp:paragraph --><\/p>\n<ul>\n<li>Balie esterne: Il bambino veniva affidato a donne di campagna che ricevevano un sussidio statale per l&#8217;allattamento.<\/li>\n<\/ul>\n<p><!-- \/wp:paragraph --><!-- wp:paragraph --><\/p>\n<p><strong>Il destino<\/strong>: Al termine dello svezzamento, i maschi venivano spesso avviati ai lavori agricoli o artigianali, mentre le femmine rimanevano in istituto o venivano dotate per il matrimonio. <strong>L&#8217;adozione<\/strong>, come la intendiamo oggi, era rara; si trattava pi\u00f9 spesso di un affido lavorativo.<\/p>\n<p><!-- \/wp:paragraph --><!-- wp:paragraph --><\/p>\n<p><strong>La Ruota: Storia e Legislazione<\/strong><\/p>\n<p><!-- \/wp:paragraph --><!-- wp:paragraph --><\/p>\n<ul>\n<li>Periodo Pre-Unitario: In molti stati (come il Regno delle Due Sicilie), la ruota era considerata uno strumento di carit\u00e0 cristiana essenziale per prevenire l&#8217;infanticidio. Era capillarmente diffusa in ogni centro urbano.<\/li>\n<\/ul>\n<p><!-- \/wp:paragraph --><!-- wp:paragraph --><\/p>\n<ul>\n<li>Periodo Post-Unitario (1861-1900): Con l&#8217;Unit\u00e0 d&#8217;Italia, come evidenziato da Corni, il dibattito si fece serrato. La ruota inizi\u00f2 a essere vista come un incentivo all&#8217;irresponsabilit\u00e0 dei genitori e un peso insostenibile per le finanze pubbliche.<\/li>\n<\/ul>\n<p><!-- \/wp:paragraph --><!-- wp:paragraph --><\/p>\n<ul>\n<li>Regolamento Giolitti (1875): Inizi\u00f2 a spingere per la chiusura delle ruote, sostituendole con gli &#8220;uffici di consegna&#8221;, dove la madre doveva dichiarare la propria identit\u00e0 (seppur protetta) per ottenere assistenza.<\/li>\n<\/ul>\n<p><!-- \/wp:paragraph --><!-- wp:paragraph --><\/p>\n<ul>\n<li>Chiusura definitiva: La soppressione formale delle ruote avvenne gradualmente, concludendosi ufficialmente solo con il Regolamento del 1923, sebbene molte fossero gi\u00e0 state murate a fine Ottocento.<\/li>\n<\/ul>\n<p><!-- \/wp:paragraph --><!-- wp:paragraph --><\/p>\n<p><strong>L&#8217;Identit\u00e0 Negata: Logica del Nome e del Cognome<\/strong><br \/>L&#8217;assegnazione del nome e del cognome agli esposti era un atto di creazione d&#8217;identit\u00e0 &#8220;ex nihilo&#8221; che rifletteva la cultura e i pregiudizi dell&#8217;epoca. Come documentato da Marco Lenci*, le logiche erano diverse:<\/p>\n<p><!-- \/wp:paragraph --><!-- wp:paragraph --><\/p>\n<ul>\n<li>Il Nome veniva spesso scelto in base al santo del giorno del ritrovamento.<\/li>\n<\/ul>\n<p><!-- \/wp:paragraph --><!-- wp:paragraph --><\/p>\n<ul>\n<li>Il Cognome invece seguiva diverse matrici:<\/li>\n<\/ul>\n<p><!-- \/wp:paragraph --><!-- wp:paragraph --><\/p>\n<ol>\n<li>Origine geografica o fisica: Della Ruota, Esposto, Degli Innocenti, Ospitalieri, Del Pio Luogo o venivano utilizzati nomi di citt\u00e0 in base al luogo di nascita o di abbandono.<\/li>\n<li>Cognomi Beneauguranti: Nel tentativo di cancellare lo stigma, venivano dati cognomi come Ventura, Fortuna, Speranza, o il celebre Casadei (casa di Dio).<\/li>\n<li>Altre modalit\u00e0 potevano variare anche in base alla provincia, ad esempio a Vicenza per un periodo ai mesi dell&#8217;anno furono assegnate delle lettere che avrebbero rappresentato l&#8217;inizio del cognome imposto al trovatello.\u00a0<\/li>\n<li>Talvolta gli ufficiali di stato civile assegnavano cognomi fantasiosi, bizzarri o legati a oggetti presenti nell&#8217;ufficio (es. Tavolino, Carta), creando situazioni di disagio sociale per il bambino una volta cresciuto.<\/li>\n<\/ol>\n<p><!-- \/wp:paragraph --><!-- wp:paragraph --><\/p>\n<p>Solo con il Regio Decreto del 8 maggio 1927, n. 798 si ebbe un punto di svolta cruciale che stabil\u00ec che l&#8217;ufficiale di stato civile dovesse assegnare a questi bambini nomi e cognomi che non ne rivelassero l&#8217;origine naturale (cio\u00e8 la nascita fuori dal matrimonio) n\u00e9 lo stato di abbandono.<\/p>\n<p>\u00a0<\/p>\n<h6>*M. Corni, Il problema degli \u00abesposti\u00bb in Italia dal 1861 al 1900, in \u00abRivista di Storia Contemporanea\u00bb, vol. 12, n. 4, 1983, pp. 521-547.<\/h6>\n<h6>*M. Lenci, Rinominarsi nell&#8217;Ottocento e nel Novecento, in M. Lenci (a cura di), Il trovatello e la citt\u00e0. L&#8217;infanzia abbandonata a Lucca nel XIX secolo, Pisa, Pacini, 1997, pp. 165-191.<\/h6>\n<p><!-- \/wp:paragraph --><\/p>","protected":false},"excerpt":{"rendered":"<p>L&#8217;abbandono dei neonati, o il fenomeno degli &#8220;esposti&#8221;, rappresenta una delle pagine pi\u00f9 dense di umanit\u00e0 e al contempo di tragedia sociale della storia italiana. Tra l&#8217;Ottocento e l&#8217;inizio del Novecento, l&#8217;Italia deteneva uno dei tassi di abbandono pi\u00f9 alti d&#8217;Europa, un sistema complesso regolato da istituzioni caritatevoli e norme giuridiche in continua evoluzione. L&#8217;abbandono [&hellip;]<\/p>\n","protected":false},"author":1,"featured_media":1597,"comment_status":"open","ping_status":"open","sticky":false,"template":"","format":"standard","meta":{"_seopress_titles_title":"","_seopress_titles_desc":"ricerca genealogica per cittadinanza italiana. difficolt\u00e0 ricerca genealogica gli esposti nomi e cognomi inventati","_seopress_robots_index":"","_seopress_robots_follow":"","_seopress_robots_imageindex":"","_seopress_robots_snippet":"","_seopress_robots_primary_cat":"9","_seopress_robots_breadcrumbs":"","_seopress_robots_freeze_modified_date":"","_seopress_robots_custom_modified_date":"","_seopress_robots_canonical":"","_seopress_social_fb_title":"","_seopress_social_fb_desc":"","_seopress_social_fb_img":"","_seopress_social_fb_img_attachment_id":0,"_seopress_social_fb_img_width":0,"_seopress_social_fb_img_height":0,"_seopress_social_twitter_title":"","_seopress_social_twitter_desc":"","_seopress_social_twitter_img":"","_seopress_social_twitter_img_attachment_id":0,"_seopress_social_twitter_img_width":0,"_seopress_social_twitter_img_height":0,"_seopress_redirections_value":"","_seopress_redirections_enabled":"","_seopress_redirections_enabled_regex":"","_seopress_redirections_logged_status":"both","_seopress_redirections_param":"","_seopress_redirections_type":301,"_seopress_analysis_target_kw":"","footnotes":""},"categories":[12,9],"tags":[],"class_list":["post-1590","post","type-post","status-publish","format-standard","has-post-thumbnail","hentry","category-diaspora-storia","category-italiani-nel-mondo"],"yoast_head":"<!-- This site is optimized with the Yoast SEO plugin v28.3 - https:\/\/yoast.com\/product\/yoast-seo-wordpress\/ -->\n<title>L&#039;infanzia abbandonata - Radici - Genealogia<\/title>\n<meta name=\"robots\" content=\"index, follow, max-snippet:-1, max-image-preview:large, max-video-preview:-1\" \/>\n<link rel=\"canonical\" href=\"https:\/\/www.radici-genealogia.com\/home\/l-infanzia-abbandonata\/\" \/>\n<meta property=\"og:locale\" content=\"it_IT\" \/>\n<meta property=\"og:type\" content=\"article\" \/>\n<meta property=\"og:title\" content=\"L&#039;infanzia abbandonata - Radici - Genealogia\" \/>\n<meta property=\"og:description\" content=\"L&#8217;abbandono dei neonati, o il fenomeno degli &#8220;esposti&#8221;, rappresenta una delle pagine pi\u00f9 dense di umanit\u00e0 e al contempo di tragedia sociale della storia italiana. Tra l&#8217;Ottocento e l&#8217;inizio del Novecento, l&#8217;Italia deteneva uno dei tassi di abbandono pi\u00f9 alti d&#8217;Europa, un sistema complesso regolato da istituzioni caritatevoli e norme giuridiche in continua evoluzione. L&#8217;abbandono [&hellip;]\" \/>\n<meta property=\"og:url\" content=\"https:\/\/www.radici-genealogia.com\/home\/l-infanzia-abbandonata\/\" \/>\n<meta property=\"og:site_name\" content=\"Radici - Genealogia\" \/>\n<meta property=\"article:published_time\" content=\"2026-03-15T01:42:30+00:00\" \/>\n<meta property=\"article:modified_time\" content=\"2026-03-15T01:42:32+00:00\" \/>\n<meta property=\"og:image\" content=\"https:\/\/www.radici-genealogia.com\/wp-content\/uploads\/2026\/03\/Gemini_Generated_Image_u5snnou5snnou5sn.png\" \/>\n\t<meta property=\"og:image:width\" content=\"800\" \/>\n\t<meta property=\"og:image:height\" content=\"800\" \/>\n\t<meta property=\"og:image:type\" content=\"image\/png\" \/>\n<meta name=\"author\" content=\"wp_18699517\" \/>\n<meta name=\"twitter:card\" content=\"summary_large_image\" \/>\n<meta name=\"twitter:label1\" content=\"Scritto da\" \/>\n\t<meta name=\"twitter:data1\" content=\"wp_18699517\" \/>\n\t<meta name=\"twitter:label2\" content=\"Tempo di lettura stimato\" \/>\n\t<meta name=\"twitter:data2\" content=\"4 minuti\" \/>\n<script type=\"application\/ld+json\" class=\"yoast-schema-graph\">{\"@context\":\"https:\\\/\\\/schema.org\",\"@graph\":[{\"@type\":\"Article\",\"@id\":\"https:\\\/\\\/www.radici-genealogia.com\\\/home\\\/l-infanzia-abbandonata\\\/#article\",\"isPartOf\":{\"@id\":\"https:\\\/\\\/www.radici-genealogia.com\\\/home\\\/l-infanzia-abbandonata\\\/\"},\"author\":{\"name\":\"wp_18699517\",\"@id\":\"https:\\\/\\\/www.radici-genealogia.com\\\/home\\\/#\\\/schema\\\/person\\\/9b2a392866f77b5210d94ea6cfd98642\"},\"headline\":\"L&#8217;infanzia abbandonata\",\"datePublished\":\"2026-03-15T01:42:30+00:00\",\"dateModified\":\"2026-03-15T01:42:32+00:00\",\"mainEntityOfPage\":{\"@id\":\"https:\\\/\\\/www.radici-genealogia.com\\\/home\\\/l-infanzia-abbandonata\\\/\"},\"wordCount\":705,\"commentCount\":0,\"publisher\":{\"@id\":\"https:\\\/\\\/www.radici-genealogia.com\\\/home\\\/#organization\"},\"image\":{\"@id\":\"https:\\\/\\\/www.radici-genealogia.com\\\/home\\\/l-infanzia-abbandonata\\\/#primaryimage\"},\"thumbnailUrl\":\"https:\\\/\\\/www.radici-genealogia.com\\\/wp-content\\\/uploads\\\/2026\\\/03\\\/Gemini_Generated_Image_u5snnou5snnou5sn.png\",\"articleSection\":[\"Diaspora - Storia\",\"Italiani nel mondo\"],\"inLanguage\":\"it-IT\",\"potentialAction\":[{\"@type\":\"CommentAction\",\"name\":\"Comment\",\"target\":[\"https:\\\/\\\/www.radici-genealogia.com\\\/home\\\/l-infanzia-abbandonata\\\/#respond\"]}]},{\"@type\":\"WebPage\",\"@id\":\"https:\\\/\\\/www.radici-genealogia.com\\\/home\\\/l-infanzia-abbandonata\\\/\",\"url\":\"https:\\\/\\\/www.radici-genealogia.com\\\/home\\\/l-infanzia-abbandonata\\\/\",\"name\":\"L'infanzia abbandonata - Radici - Genealogia\",\"isPartOf\":{\"@id\":\"https:\\\/\\\/www.radici-genealogia.com\\\/home\\\/#website\"},\"primaryImageOfPage\":{\"@id\":\"https:\\\/\\\/www.radici-genealogia.com\\\/home\\\/l-infanzia-abbandonata\\\/#primaryimage\"},\"image\":{\"@id\":\"https:\\\/\\\/www.radici-genealogia.com\\\/home\\\/l-infanzia-abbandonata\\\/#primaryimage\"},\"thumbnailUrl\":\"https:\\\/\\\/www.radici-genealogia.com\\\/wp-content\\\/uploads\\\/2026\\\/03\\\/Gemini_Generated_Image_u5snnou5snnou5sn.png\",\"datePublished\":\"2026-03-15T01:42:30+00:00\",\"dateModified\":\"2026-03-15T01:42:32+00:00\",\"breadcrumb\":{\"@id\":\"https:\\\/\\\/www.radici-genealogia.com\\\/home\\\/l-infanzia-abbandonata\\\/#breadcrumb\"},\"inLanguage\":\"it-IT\",\"potentialAction\":[{\"@type\":\"ReadAction\",\"target\":[\"https:\\\/\\\/www.radici-genealogia.com\\\/home\\\/l-infanzia-abbandonata\\\/\"]}]},{\"@type\":\"ImageObject\",\"inLanguage\":\"it-IT\",\"@id\":\"https:\\\/\\\/www.radici-genealogia.com\\\/home\\\/l-infanzia-abbandonata\\\/#primaryimage\",\"url\":\"https:\\\/\\\/www.radici-genealogia.com\\\/wp-content\\\/uploads\\\/2026\\\/03\\\/Gemini_Generated_Image_u5snnou5snnou5sn.png\",\"contentUrl\":\"https:\\\/\\\/www.radici-genealogia.com\\\/wp-content\\\/uploads\\\/2026\\\/03\\\/Gemini_Generated_Image_u5snnou5snnou5sn.png\",\"width\":1024,\"height\":1024,\"caption\":\"ruota degli esposti\"},{\"@type\":\"BreadcrumbList\",\"@id\":\"https:\\\/\\\/www.radici-genealogia.com\\\/home\\\/l-infanzia-abbandonata\\\/#breadcrumb\",\"itemListElement\":[{\"@type\":\"ListItem\",\"position\":1,\"name\":\"In\u00edcio\",\"item\":\"https:\\\/\\\/www.radici-genealogia.com\\\/home\\\/\"},{\"@type\":\"ListItem\",\"position\":2,\"name\":\"L&#8217;infanzia abbandonata\"}]},{\"@type\":\"WebSite\",\"@id\":\"https:\\\/\\\/www.radici-genealogia.com\\\/home\\\/#website\",\"url\":\"https:\\\/\\\/www.radici-genealogia.com\\\/home\\\/\",\"name\":\"Radice - Genealogia\",\"description\":\"Il tuo Passato determina il tuo Futuro\",\"publisher\":{\"@id\":\"https:\\\/\\\/www.radici-genealogia.com\\\/home\\\/#organization\"},\"potentialAction\":[{\"@type\":\"SearchAction\",\"target\":{\"@type\":\"EntryPoint\",\"urlTemplate\":\"https:\\\/\\\/www.radici-genealogia.com\\\/home\\\/?s={search_term_string}\"},\"query-input\":{\"@type\":\"PropertyValueSpecification\",\"valueRequired\":true,\"valueName\":\"search_term_string\"}}],\"inLanguage\":\"it-IT\"},{\"@type\":\"Organization\",\"@id\":\"https:\\\/\\\/www.radici-genealogia.com\\\/home\\\/#organization\",\"name\":\"Radice - Genealogia\",\"url\":\"https:\\\/\\\/www.radici-genealogia.com\\\/home\\\/\",\"logo\":{\"@type\":\"ImageObject\",\"inLanguage\":\"it-IT\",\"@id\":\"https:\\\/\\\/www.radici-genealogia.com\\\/home\\\/#\\\/schema\\\/logo\\\/image\\\/\",\"url\":\"https:\\\/\\\/www.radici-genealogia.com\\\/wp-content\\\/uploads\\\/2025\\\/08\\\/sito-LOGOFOOTER.png\",\"contentUrl\":\"https:\\\/\\\/www.radici-genealogia.com\\\/wp-content\\\/uploads\\\/2025\\\/08\\\/sito-LOGOFOOTER.png\",\"width\":188,\"height\":71,\"caption\":\"Radice - Genealogia\"},\"image\":{\"@id\":\"https:\\\/\\\/www.radici-genealogia.com\\\/home\\\/#\\\/schema\\\/logo\\\/image\\\/\"},\"sameAs\":[\"https:\\\/\\\/www.instagram.com\\\/_diego_luciano_\"]},{\"@type\":\"Person\",\"@id\":\"https:\\\/\\\/www.radici-genealogia.com\\\/home\\\/#\\\/schema\\\/person\\\/9b2a392866f77b5210d94ea6cfd98642\",\"name\":\"wp_18699517\",\"image\":{\"@type\":\"ImageObject\",\"inLanguage\":\"it-IT\",\"@id\":\"https:\\\/\\\/secure.gravatar.com\\\/avatar\\\/c338bceb963d2f37e7c0dfb2be64f2734a801ab0ff5c0653618b28ee2991d912?s=96&d=mm&r=g\",\"url\":\"https:\\\/\\\/secure.gravatar.com\\\/avatar\\\/c338bceb963d2f37e7c0dfb2be64f2734a801ab0ff5c0653618b28ee2991d912?s=96&d=mm&r=g\",\"contentUrl\":\"https:\\\/\\\/secure.gravatar.com\\\/avatar\\\/c338bceb963d2f37e7c0dfb2be64f2734a801ab0ff5c0653618b28ee2991d912?s=96&d=mm&r=g\",\"caption\":\"wp_18699517\"},\"sameAs\":[\"https:\\\/\\\/www.radici-genealogia.com\"],\"url\":\"https:\\\/\\\/www.radici-genealogia.com\\\/home\\\/author\\\/wp_18699517\\\/\"}]}<\/script>\n<!-- \/ Yoast SEO plugin. -->","yoast_head_json":{"title":"L'infanzia abbandonata - Radici - Genealogia","robots":{"index":"index","follow":"follow","max-snippet":"max-snippet:-1","max-image-preview":"max-image-preview:large","max-video-preview":"max-video-preview:-1"},"canonical":"https:\/\/www.radici-genealogia.com\/home\/l-infanzia-abbandonata\/","og_locale":"it_IT","og_type":"article","og_title":"L'infanzia abbandonata - Radici - Genealogia","og_description":"L&#8217;abbandono dei neonati, o il fenomeno degli &#8220;esposti&#8221;, rappresenta una delle pagine pi\u00f9 dense di umanit\u00e0 e al contempo di tragedia sociale della storia italiana. Tra l&#8217;Ottocento e l&#8217;inizio del Novecento, l&#8217;Italia deteneva uno dei tassi di abbandono pi\u00f9 alti d&#8217;Europa, un sistema complesso regolato da istituzioni caritatevoli e norme giuridiche in continua evoluzione. L&#8217;abbandono [&hellip;]","og_url":"https:\/\/www.radici-genealogia.com\/home\/l-infanzia-abbandonata\/","og_site_name":"Radici - Genealogia","article_published_time":"2026-03-15T01:42:30+00:00","article_modified_time":"2026-03-15T01:42:32+00:00","og_image":[{"url":"https:\/\/www.radici-genealogia.com\/wp-content\/uploads\/2026\/03\/Gemini_Generated_Image_u5snnou5snnou5sn.png","width":800,"height":800,"type":"image\/png"}],"author":"wp_18699517","twitter_card":"summary_large_image","twitter_misc":{"Scritto da":"wp_18699517","Tempo di lettura stimato":"4 minuti"},"schema":{"@context":"https:\/\/schema.org","@graph":[{"@type":"Article","@id":"https:\/\/www.radici-genealogia.com\/home\/l-infanzia-abbandonata\/#article","isPartOf":{"@id":"https:\/\/www.radici-genealogia.com\/home\/l-infanzia-abbandonata\/"},"author":{"name":"wp_18699517","@id":"https:\/\/www.radici-genealogia.com\/home\/#\/schema\/person\/9b2a392866f77b5210d94ea6cfd98642"},"headline":"L&#8217;infanzia abbandonata","datePublished":"2026-03-15T01:42:30+00:00","dateModified":"2026-03-15T01:42:32+00:00","mainEntityOfPage":{"@id":"https:\/\/www.radici-genealogia.com\/home\/l-infanzia-abbandonata\/"},"wordCount":705,"commentCount":0,"publisher":{"@id":"https:\/\/www.radici-genealogia.com\/home\/#organization"},"image":{"@id":"https:\/\/www.radici-genealogia.com\/home\/l-infanzia-abbandonata\/#primaryimage"},"thumbnailUrl":"https:\/\/www.radici-genealogia.com\/wp-content\/uploads\/2026\/03\/Gemini_Generated_Image_u5snnou5snnou5sn.png","articleSection":["Diaspora - Storia","Italiani nel mondo"],"inLanguage":"it-IT","potentialAction":[{"@type":"CommentAction","name":"Comment","target":["https:\/\/www.radici-genealogia.com\/home\/l-infanzia-abbandonata\/#respond"]}]},{"@type":"WebPage","@id":"https:\/\/www.radici-genealogia.com\/home\/l-infanzia-abbandonata\/","url":"https:\/\/www.radici-genealogia.com\/home\/l-infanzia-abbandonata\/","name":"L'infanzia abbandonata - Radici - Genealogia","isPartOf":{"@id":"https:\/\/www.radici-genealogia.com\/home\/#website"},"primaryImageOfPage":{"@id":"https:\/\/www.radici-genealogia.com\/home\/l-infanzia-abbandonata\/#primaryimage"},"image":{"@id":"https:\/\/www.radici-genealogia.com\/home\/l-infanzia-abbandonata\/#primaryimage"},"thumbnailUrl":"https:\/\/www.radici-genealogia.com\/wp-content\/uploads\/2026\/03\/Gemini_Generated_Image_u5snnou5snnou5sn.png","datePublished":"2026-03-15T01:42:30+00:00","dateModified":"2026-03-15T01:42:32+00:00","breadcrumb":{"@id":"https:\/\/www.radici-genealogia.com\/home\/l-infanzia-abbandonata\/#breadcrumb"},"inLanguage":"it-IT","potentialAction":[{"@type":"ReadAction","target":["https:\/\/www.radici-genealogia.com\/home\/l-infanzia-abbandonata\/"]}]},{"@type":"ImageObject","inLanguage":"it-IT","@id":"https:\/\/www.radici-genealogia.com\/home\/l-infanzia-abbandonata\/#primaryimage","url":"https:\/\/www.radici-genealogia.com\/wp-content\/uploads\/2026\/03\/Gemini_Generated_Image_u5snnou5snnou5sn.png","contentUrl":"https:\/\/www.radici-genealogia.com\/wp-content\/uploads\/2026\/03\/Gemini_Generated_Image_u5snnou5snnou5sn.png","width":1024,"height":1024,"caption":"ruota degli esposti"},{"@type":"BreadcrumbList","@id":"https:\/\/www.radici-genealogia.com\/home\/l-infanzia-abbandonata\/#breadcrumb","itemListElement":[{"@type":"ListItem","position":1,"name":"In\u00edcio","item":"https:\/\/www.radici-genealogia.com\/home\/"},{"@type":"ListItem","position":2,"name":"L&#8217;infanzia abbandonata"}]},{"@type":"WebSite","@id":"https:\/\/www.radici-genealogia.com\/home\/#website","url":"https:\/\/www.radici-genealogia.com\/home\/","name":"Radice - Genealogia","description":"Il tuo Passato determina il tuo Futuro","publisher":{"@id":"https:\/\/www.radici-genealogia.com\/home\/#organization"},"potentialAction":[{"@type":"SearchAction","target":{"@type":"EntryPoint","urlTemplate":"https:\/\/www.radici-genealogia.com\/home\/?s={search_term_string}"},"query-input":{"@type":"PropertyValueSpecification","valueRequired":true,"valueName":"search_term_string"}}],"inLanguage":"it-IT"},{"@type":"Organization","@id":"https:\/\/www.radici-genealogia.com\/home\/#organization","name":"Radice - Genealogia","url":"https:\/\/www.radici-genealogia.com\/home\/","logo":{"@type":"ImageObject","inLanguage":"it-IT","@id":"https:\/\/www.radici-genealogia.com\/home\/#\/schema\/logo\/image\/","url":"https:\/\/www.radici-genealogia.com\/wp-content\/uploads\/2025\/08\/sito-LOGOFOOTER.png","contentUrl":"https:\/\/www.radici-genealogia.com\/wp-content\/uploads\/2025\/08\/sito-LOGOFOOTER.png","width":188,"height":71,"caption":"Radice - Genealogia"},"image":{"@id":"https:\/\/www.radici-genealogia.com\/home\/#\/schema\/logo\/image\/"},"sameAs":["https:\/\/www.instagram.com\/_diego_luciano_"]},{"@type":"Person","@id":"https:\/\/www.radici-genealogia.com\/home\/#\/schema\/person\/9b2a392866f77b5210d94ea6cfd98642","name":"wp_18699517","image":{"@type":"ImageObject","inLanguage":"it-IT","@id":"https:\/\/secure.gravatar.com\/avatar\/c338bceb963d2f37e7c0dfb2be64f2734a801ab0ff5c0653618b28ee2991d912?s=96&d=mm&r=g","url":"https:\/\/secure.gravatar.com\/avatar\/c338bceb963d2f37e7c0dfb2be64f2734a801ab0ff5c0653618b28ee2991d912?s=96&d=mm&r=g","contentUrl":"https:\/\/secure.gravatar.com\/avatar\/c338bceb963d2f37e7c0dfb2be64f2734a801ab0ff5c0653618b28ee2991d912?s=96&d=mm&r=g","caption":"wp_18699517"},"sameAs":["https:\/\/www.radici-genealogia.com"],"url":"https:\/\/www.radici-genealogia.com\/home\/author\/wp_18699517\/"}]}},"_links":{"self":[{"href":"https:\/\/www.radici-genealogia.com\/home\/wp-json\/wp\/v2\/posts\/1590","targetHints":{"allow":["GET"]}}],"collection":[{"href":"https:\/\/www.radici-genealogia.com\/home\/wp-json\/wp\/v2\/posts"}],"about":[{"href":"https:\/\/www.radici-genealogia.com\/home\/wp-json\/wp\/v2\/types\/post"}],"author":[{"embeddable":true,"href":"https:\/\/www.radici-genealogia.com\/home\/wp-json\/wp\/v2\/users\/1"}],"replies":[{"embeddable":true,"href":"https:\/\/www.radici-genealogia.com\/home\/wp-json\/wp\/v2\/comments?post=1590"}],"version-history":[{"count":7,"href":"https:\/\/www.radici-genealogia.com\/home\/wp-json\/wp\/v2\/posts\/1590\/revisions"}],"predecessor-version":[{"id":1598,"href":"https:\/\/www.radici-genealogia.com\/home\/wp-json\/wp\/v2\/posts\/1590\/revisions\/1598"}],"wp:featuredmedia":[{"embeddable":true,"href":"https:\/\/www.radici-genealogia.com\/home\/wp-json\/wp\/v2\/media\/1597"}],"wp:attachment":[{"href":"https:\/\/www.radici-genealogia.com\/home\/wp-json\/wp\/v2\/media?parent=1590"}],"wp:term":[{"taxonomy":"category","embeddable":true,"href":"https:\/\/www.radici-genealogia.com\/home\/wp-json\/wp\/v2\/categories?post=1590"},{"taxonomy":"post_tag","embeddable":true,"href":"https:\/\/www.radici-genealogia.com\/home\/wp-json\/wp\/v2\/tags?post=1590"}],"curies":[{"name":"wp","href":"https:\/\/api.w.org\/{rel}","templated":true}]}}