{"id":1580,"date":"2026-03-04T17:48:13","date_gmt":"2026-03-04T16:48:13","guid":{"rendered":"https:\/\/www.radici-genealogia.com\/?p=1580"},"modified":"2026-03-04T23:54:43","modified_gmt":"2026-03-04T22:54:43","slug":"archivio-genealogico-italiano-12-milioni-dati","status":"publish","type":"post","link":"https:\/\/www.radici-genealogia.com\/home\/archivio-genealogico-italiano-12-milioni-dati\/","title":{"rendered":"Archivio storico genealogico italiano: 12 milioni di record per la tua storia"},"content":{"rendered":"\n<p class=\"wp-block-paragraph\">l percorso verso il riconoscimento della cittadinanza <em>iure sanguinis<\/em> \u00e8 spesso immaginato come una lineare raccolta di documenti. Tuttavia, il genealogista si scontra frequentemente con una realt\u00e0 ben pi\u00f9 complessa: l&#8217;identit\u00e0 dell&#8217;antenato, nel passaggio dall&#8217;Italia alle terre di emigrazione (con il Brasile come caso scuola), ha subito mutazioni profonde. Queste difformit\u00e0 non sono semplici errori, ma il risultato di processi fonetici, sociali e strategici.<\/p>\n\n\n\n<p class=\"wp-block-paragraph\">Comprendere queste dinamiche \u00e8 fondamentale per ricomporre il puzzle anagrafico necessario a superare il vaglio dei consolati e dei tribunali.<\/p>\n\n\n\n<h3 class=\"wp-block-heading\">1. La metamorfosi del nome: L&#8217;Aportuguesamento<\/h3>\n\n\n\n<p class=\"wp-block-paragraph\">La sfida principale risiede spesso nel fenomeno dell&#8217;<strong>apportoghesizzazione<\/strong>. Il passaggio dall&#8217;italiano alla trascrizione in portoghese non era mai diretto.<\/p>\n\n\n\n<ul class=\"wp-block-list\">\n<li><strong>Fonetica e Dialetti:<\/strong> L&#8217;ufficiale di stato civile brasiliano trascriveva ci\u00f2 che sentiva. Se un immigrato pronunciava il proprio cognome con una forte inflessione dialettale, la grafia veniva adattata: le &#8220;e&#8221; finali diventavano spesso &#8220;i&#8221;, mentre il &#8220;ch&#8221; italiano mutava in &#8220;qui&#8221; o &#8220;ci&#8221;, &#8220;gl&#8221; in &#8220;lh&#8221; e molti altri casi.<\/li>\n\n\n\n<li><strong>Adattamento Volontario:<\/strong> Non mancavano i casi in cui l&#8217;immigrato stesso sceglieva di &#8220;tradurre&#8221; il proprio nome (da Giuseppe a Jos\u00e9, da Giovanni a Jo\u00e3o) per favorire l&#8217;integrazione nel nuovo tessuto sociale.<\/li>\n<\/ul>\n\n\n\n<h3 class=\"wp-block-heading\">2. L&#8217;enigma dei nomi multipli<\/h3>\n\n\n\n<p class=\"wp-block-paragraph\">Nel XIX secolo, l&#8217;uso di imporre pi\u00f9 nomi di battesimo era una consuetudine radicata. Questo creava discrepanze gi\u00e0 in territorio italiano:<\/p>\n\n\n\n<ul class=\"wp-block-list\">\n<li>Un bambino poteva essere battezzato con tre nomi in chiesa, ma registrato con uno solo allo Stato Civile.<\/li>\n\n\n\n<li>Spesso, nella vita quotidiana e nei documenti di emigrazione, l&#8217;individuo veniva identificato con il secondo o terzo nome, rendendo estremamente difficile il ricongiungimento dei dati tra le due sponde dell&#8217;Oceano.<\/li>\n<\/ul>\n\n\n\n<h3 class=\"wp-block-heading\">3. L&#8217;Et\u00e0 Variabile: Strategie di sopravvivenza<\/h3>\n\n\n\n<p class=\"wp-block-paragraph\">L&#8217;et\u00e0 dichiarata nei documenti d&#8217;imbarco o di arrivo \u00e8 raramente un dato granitico. Le alterazioni erano spesso frutto di necessit\u00e0 pratiche:<\/p>\n\n\n\n<ul class=\"wp-block-list\">\n<li><strong>Sussidi Familiari:<\/strong> I genitori tendevano a modificare l&#8217;et\u00e0 dei figli per massimizzare l&#8217;ottenimento di sussidi legati alla composizione del nucleo familiare.<\/li>\n\n\n\n<li><strong>Idoneit\u00e0 al Lavoro:<\/strong> Esisteva la necessit\u00e0 di rientrare nella cosiddetta &#8220;et\u00e0 produttiva&#8221;. Un immigrato troppo anziano poteva essere percepito come un peso; alterare gli anni serviva a garantire l&#8217;accettazione dell&#8217;intera famiglia nel paese ospitante (comunque non vi erano leggi che identificavano una et\u00e0 numerica precisa).<\/li>\n<\/ul>\n\n\n\n<h3 class=\"wp-block-heading\">4. Il Luogo di nascita tra approssimazione e mobilit\u00e0<\/h3>\n\n\n\n<p class=\"wp-block-paragraph\">Il luogo di origine \u00e8 forse l&#8217;elemento che genera pi\u00f9 confusione, basandosi quasi esclusivamente su <strong>autodichiarazioni<\/strong>.<\/p>\n\n\n\n<ul class=\"wp-block-list\">\n<li><strong>L&#8217;equivoco &#8220;Veneza&#8221;:<\/strong> In moltissimi documenti brasiliani si legge &#8220;Veneza&#8221; o &#8220;Veneto&#8221;. Nel 99% dei casi, &#8220;Veneza&#8221; non indica la citt\u00e0 lagunare, ma l&#8217;appartenenza alla regione o, con fortuna, alla provincia. Esistono casi limite in cui individui dichiarati nati a &#8220;Veneza&#8221; sono stati poi rintracciati, tramite una ricerca capillare, in regioni completamente diverse come la Calabria.<\/li>\n\n\n\n<li><strong>Memoria affettiva vs. dato anagrafico:<\/strong> Anche quando un documento riporta un comune specifico, non \u00e8 detto che sia quello di nascita. Nel XIX secolo le famiglie si spostavano frequentemente per lavoro. Un bambino nato nel comune A ma cresciuto nel comune B tender\u00e0 a identificare quest&#8217;ultimo come proprio luogo di origine al momento dell&#8217;emigrazione.<\/li>\n<\/ul>\n\n\n\n<h3 class=\"wp-block-heading\">5. La genitorialit\u00e0 contrastante<\/h3>\n\n\n\n<p class=\"wp-block-paragraph\">Infine, le discrepanze nei nomi dei genitori rappresentano un ostacolo burocratico notevole:<\/p>\n\n\n\n<ul class=\"wp-block-list\">\n<li><strong>Adozioni informali:<\/strong> In passato, un orfano accolto da una nuova famiglia ne assumeva spesso il cognome e ne identificava i componenti come genitori naturali, anche in assenza di atti legali di adozione.<\/li>\n\n\n\n<li><strong>Seconde nozze:<\/strong> In caso di vedovanza del genitore superstite, il figlio poteva dichiarare il nome del nuovo coniuge (il patrigno o la matrigna) come genitore biologico, per ignoranza o per semplice riconoscimento affettivo, creando conflitti insanabili tra l&#8217;atto di nascita italiano e i documenti prodotti all&#8217;estero.<\/li>\n<\/ul>\n\n\n\n<p class=\"wp-block-paragraph\">La ricerca genealogica per cittadinanza non \u00e8 solo una caccia al tesoro tra gli archivi, ma un&#8217;opera di <strong>decodifica antropologica<\/strong>. Ogni &#8220;errore&#8221; nel nome o nell&#8217;et\u00e0 nasconde una storia di adattamento, paura o speranza che il genealogista deve saper interpretare per restituire all&#8217;antenato la sua reale identit\u00e0 storica e legale.<\/p>\n","protected":false},"excerpt":{"rendered":"<p>l percorso verso il riconoscimento della cittadinanza iure sanguinis \u00e8 spesso immaginato come una lineare raccolta di documenti. Tuttavia, il genealogista si scontra frequentemente con una realt\u00e0 ben pi\u00f9 complessa: l&#8217;identit\u00e0 dell&#8217;antenato, nel passaggio dall&#8217;Italia alle terre di emigrazione (con il Brasile come caso scuola), ha subito mutazioni profonde. Queste difformit\u00e0 non sono semplici errori, [&hellip;]<\/p>\n","protected":false},"author":1,"featured_media":1575,"comment_status":"open","ping_status":"open","sticky":false,"template":"","format":"standard","meta":{"_seopress_titles_title":"Archivio Genealogico Italiano | 12 Milioni di Registri Nascita e Militari","_seopress_titles_desc":"Ricerca i tuoi antenati nel database unico in Italia. Oltre 12 milioni di nomi da Stato Civile, Anagrafe e Registri Militari per genealogia e cittadinanza.","_seopress_robots_index":"","_seopress_robots_follow":"","_seopress_robots_imageindex":"","_seopress_robots_snippet":"","_seopress_robots_primary_cat":"none","_seopress_robots_breadcrumbs":"","_seopress_robots_freeze_modified_date":"","_seopress_robots_custom_modified_date":"","_seopress_robots_canonical":"","_seopress_social_fb_title":"","_seopress_social_fb_desc":"","_seopress_social_fb_img":"","_seopress_social_fb_img_attachment_id":0,"_seopress_social_fb_img_width":0,"_seopress_social_fb_img_height":0,"_seopress_social_twitter_title":"","_seopress_social_twitter_desc":"","_seopress_social_twitter_img":"","_seopress_social_twitter_img_attachment_id":0,"_seopress_social_twitter_img_width":0,"_seopress_social_twitter_img_height":0,"_seopress_redirections_value":"","_seopress_redirections_enabled":"","_seopress_redirections_enabled_regex":"","_seopress_redirections_logged_status":"both","_seopress_redirections_param":"","_seopress_redirections_type":301,"_seopress_analysis_target_kw":"","footnotes":""},"categories":[12,9],"tags":[],"class_list":["post-1580","post","type-post","status-publish","format-standard","has-post-thumbnail","hentry","category-diaspora-storia","category-italiani-nel-mondo"],"yoast_head":"<!-- This site is optimized with the Yoast SEO plugin v28.3 - https:\/\/yoast.com\/product\/yoast-seo-wordpress\/ -->\n<title>Archivio storico genealogico italiano: 12 milioni di record per la tua storia - Radici - Genealogia<\/title>\n<meta name=\"robots\" content=\"index, follow, max-snippet:-1, max-image-preview:large, max-video-preview:-1\" \/>\n<link rel=\"canonical\" href=\"https:\/\/www.radici-genealogia.com\/home\/archivio-genealogico-italiano-12-milioni-dati\/\" \/>\n<meta property=\"og:locale\" content=\"it_IT\" \/>\n<meta property=\"og:type\" content=\"article\" \/>\n<meta property=\"og:title\" content=\"Archivio storico genealogico italiano: 12 milioni di record per la tua storia - Radici - Genealogia\" \/>\n<meta property=\"og:description\" content=\"l percorso verso il riconoscimento della cittadinanza iure sanguinis \u00e8 spesso immaginato come una lineare raccolta di documenti. Tuttavia, il genealogista si scontra frequentemente con una realt\u00e0 ben pi\u00f9 complessa: l&#8217;identit\u00e0 dell&#8217;antenato, nel passaggio dall&#8217;Italia alle terre di emigrazione (con il Brasile come caso scuola), ha subito mutazioni profonde. Queste difformit\u00e0 non sono semplici errori, [&hellip;]\" \/>\n<meta property=\"og:url\" content=\"https:\/\/www.radici-genealogia.com\/home\/archivio-genealogico-italiano-12-milioni-dati\/\" \/>\n<meta property=\"og:site_name\" content=\"Radici - Genealogia\" \/>\n<meta property=\"article:published_time\" content=\"2026-03-04T16:48:13+00:00\" \/>\n<meta property=\"article:modified_time\" content=\"2026-03-04T22:54:43+00:00\" \/>\n<meta property=\"og:image\" content=\"https:\/\/www.radici-genealogia.com\/wp-content\/uploads\/2026\/03\/12milioni.jpeg\" \/>\n\t<meta property=\"og:image:width\" content=\"279\" \/>\n\t<meta property=\"og:image:height\" content=\"279\" \/>\n\t<meta property=\"og:image:type\" content=\"image\/jpeg\" \/>\n<meta name=\"author\" content=\"wp_18699517\" \/>\n<meta name=\"twitter:card\" content=\"summary_large_image\" \/>\n<meta name=\"twitter:label1\" content=\"Scritto da\" \/>\n\t<meta name=\"twitter:data1\" content=\"wp_18699517\" \/>\n\t<meta name=\"twitter:label2\" content=\"Tempo di lettura stimato\" \/>\n\t<meta name=\"twitter:data2\" content=\"4 minuti\" \/>\n<script type=\"application\/ld+json\" class=\"yoast-schema-graph\">{\"@context\":\"https:\\\/\\\/schema.org\",\"@graph\":[{\"@type\":\"Article\",\"@id\":\"https:\\\/\\\/www.radici-genealogia.com\\\/home\\\/archivio-genealogico-italiano-12-milioni-dati\\\/#article\",\"isPartOf\":{\"@id\":\"https:\\\/\\\/www.radici-genealogia.com\\\/home\\\/archivio-genealogico-italiano-12-milioni-dati\\\/\"},\"author\":{\"name\":\"wp_18699517\",\"@id\":\"https:\\\/\\\/www.radici-genealogia.com\\\/home\\\/#\\\/schema\\\/person\\\/9b2a392866f77b5210d94ea6cfd98642\"},\"headline\":\"Archivio storico genealogico italiano: 12 milioni di record per la tua storia\",\"datePublished\":\"2026-03-04T16:48:13+00:00\",\"dateModified\":\"2026-03-04T22:54:43+00:00\",\"mainEntityOfPage\":{\"@id\":\"https:\\\/\\\/www.radici-genealogia.com\\\/home\\\/archivio-genealogico-italiano-12-milioni-dati\\\/\"},\"wordCount\":665,\"commentCount\":0,\"publisher\":{\"@id\":\"https:\\\/\\\/www.radici-genealogia.com\\\/home\\\/#organization\"},\"image\":{\"@id\":\"https:\\\/\\\/www.radici-genealogia.com\\\/home\\\/archivio-genealogico-italiano-12-milioni-dati\\\/#primaryimage\"},\"thumbnailUrl\":\"https:\\\/\\\/www.radici-genealogia.com\\\/wp-content\\\/uploads\\\/2026\\\/03\\\/12milioni.jpeg\",\"articleSection\":[\"Diaspora - Storia\",\"Italiani nel mondo\"],\"inLanguage\":\"it-IT\",\"potentialAction\":[{\"@type\":\"CommentAction\",\"name\":\"Comment\",\"target\":[\"https:\\\/\\\/www.radici-genealogia.com\\\/home\\\/archivio-genealogico-italiano-12-milioni-dati\\\/#respond\"]}]},{\"@type\":\"WebPage\",\"@id\":\"https:\\\/\\\/www.radici-genealogia.com\\\/home\\\/archivio-genealogico-italiano-12-milioni-dati\\\/\",\"url\":\"https:\\\/\\\/www.radici-genealogia.com\\\/home\\\/archivio-genealogico-italiano-12-milioni-dati\\\/\",\"name\":\"Archivio storico genealogico italiano: 12 milioni di record per la tua storia - Radici - Genealogia\",\"isPartOf\":{\"@id\":\"https:\\\/\\\/www.radici-genealogia.com\\\/home\\\/#website\"},\"primaryImageOfPage\":{\"@id\":\"https:\\\/\\\/www.radici-genealogia.com\\\/home\\\/archivio-genealogico-italiano-12-milioni-dati\\\/#primaryimage\"},\"image\":{\"@id\":\"https:\\\/\\\/www.radici-genealogia.com\\\/home\\\/archivio-genealogico-italiano-12-milioni-dati\\\/#primaryimage\"},\"thumbnailUrl\":\"https:\\\/\\\/www.radici-genealogia.com\\\/wp-content\\\/uploads\\\/2026\\\/03\\\/12milioni.jpeg\",\"datePublished\":\"2026-03-04T16:48:13+00:00\",\"dateModified\":\"2026-03-04T22:54:43+00:00\",\"breadcrumb\":{\"@id\":\"https:\\\/\\\/www.radici-genealogia.com\\\/home\\\/archivio-genealogico-italiano-12-milioni-dati\\\/#breadcrumb\"},\"inLanguage\":\"it-IT\",\"potentialAction\":[{\"@type\":\"ReadAction\",\"target\":[\"https:\\\/\\\/www.radici-genealogia.com\\\/home\\\/archivio-genealogico-italiano-12-milioni-dati\\\/\"]}]},{\"@type\":\"ImageObject\",\"inLanguage\":\"it-IT\",\"@id\":\"https:\\\/\\\/www.radici-genealogia.com\\\/home\\\/archivio-genealogico-italiano-12-milioni-dati\\\/#primaryimage\",\"url\":\"https:\\\/\\\/www.radici-genealogia.com\\\/wp-content\\\/uploads\\\/2026\\\/03\\\/12milioni.jpeg\",\"contentUrl\":\"https:\\\/\\\/www.radici-genealogia.com\\\/wp-content\\\/uploads\\\/2026\\\/03\\\/12milioni.jpeg\",\"width\":279,\"height\":279},{\"@type\":\"BreadcrumbList\",\"@id\":\"https:\\\/\\\/www.radici-genealogia.com\\\/home\\\/archivio-genealogico-italiano-12-milioni-dati\\\/#breadcrumb\",\"itemListElement\":[{\"@type\":\"ListItem\",\"position\":1,\"name\":\"In\u00edcio\",\"item\":\"https:\\\/\\\/www.radici-genealogia.com\\\/home\\\/\"},{\"@type\":\"ListItem\",\"position\":2,\"name\":\"Archivio storico genealogico italiano: 12 milioni di record per la tua storia\"}]},{\"@type\":\"WebSite\",\"@id\":\"https:\\\/\\\/www.radici-genealogia.com\\\/home\\\/#website\",\"url\":\"https:\\\/\\\/www.radici-genealogia.com\\\/home\\\/\",\"name\":\"Radice - Genealogia\",\"description\":\"Il tuo Passato determina il tuo Futuro\",\"publisher\":{\"@id\":\"https:\\\/\\\/www.radici-genealogia.com\\\/home\\\/#organization\"},\"potentialAction\":[{\"@type\":\"SearchAction\",\"target\":{\"@type\":\"EntryPoint\",\"urlTemplate\":\"https:\\\/\\\/www.radici-genealogia.com\\\/home\\\/?s={search_term_string}\"},\"query-input\":{\"@type\":\"PropertyValueSpecification\",\"valueRequired\":true,\"valueName\":\"search_term_string\"}}],\"inLanguage\":\"it-IT\"},{\"@type\":\"Organization\",\"@id\":\"https:\\\/\\\/www.radici-genealogia.com\\\/home\\\/#organization\",\"name\":\"Radice - Genealogia\",\"url\":\"https:\\\/\\\/www.radici-genealogia.com\\\/home\\\/\",\"logo\":{\"@type\":\"ImageObject\",\"inLanguage\":\"it-IT\",\"@id\":\"https:\\\/\\\/www.radici-genealogia.com\\\/home\\\/#\\\/schema\\\/logo\\\/image\\\/\",\"url\":\"https:\\\/\\\/www.radici-genealogia.com\\\/wp-content\\\/uploads\\\/2025\\\/08\\\/sito-LOGOFOOTER.png\",\"contentUrl\":\"https:\\\/\\\/www.radici-genealogia.com\\\/wp-content\\\/uploads\\\/2025\\\/08\\\/sito-LOGOFOOTER.png\",\"width\":188,\"height\":71,\"caption\":\"Radice - Genealogia\"},\"image\":{\"@id\":\"https:\\\/\\\/www.radici-genealogia.com\\\/home\\\/#\\\/schema\\\/logo\\\/image\\\/\"},\"sameAs\":[\"https:\\\/\\\/www.instagram.com\\\/_diego_luciano_\"]},{\"@type\":\"Person\",\"@id\":\"https:\\\/\\\/www.radici-genealogia.com\\\/home\\\/#\\\/schema\\\/person\\\/9b2a392866f77b5210d94ea6cfd98642\",\"name\":\"wp_18699517\",\"image\":{\"@type\":\"ImageObject\",\"inLanguage\":\"it-IT\",\"@id\":\"https:\\\/\\\/secure.gravatar.com\\\/avatar\\\/c338bceb963d2f37e7c0dfb2be64f2734a801ab0ff5c0653618b28ee2991d912?s=96&d=mm&r=g\",\"url\":\"https:\\\/\\\/secure.gravatar.com\\\/avatar\\\/c338bceb963d2f37e7c0dfb2be64f2734a801ab0ff5c0653618b28ee2991d912?s=96&d=mm&r=g\",\"contentUrl\":\"https:\\\/\\\/secure.gravatar.com\\\/avatar\\\/c338bceb963d2f37e7c0dfb2be64f2734a801ab0ff5c0653618b28ee2991d912?s=96&d=mm&r=g\",\"caption\":\"wp_18699517\"},\"sameAs\":[\"https:\\\/\\\/www.radici-genealogia.com\"],\"url\":\"https:\\\/\\\/www.radici-genealogia.com\\\/home\\\/author\\\/wp_18699517\\\/\"}]}<\/script>\n<!-- \/ Yoast SEO plugin. -->","yoast_head_json":{"title":"Archivio storico genealogico italiano: 12 milioni di record per la tua storia - Radici - Genealogia","robots":{"index":"index","follow":"follow","max-snippet":"max-snippet:-1","max-image-preview":"max-image-preview:large","max-video-preview":"max-video-preview:-1"},"canonical":"https:\/\/www.radici-genealogia.com\/home\/archivio-genealogico-italiano-12-milioni-dati\/","og_locale":"it_IT","og_type":"article","og_title":"Archivio storico genealogico italiano: 12 milioni di record per la tua storia - Radici - Genealogia","og_description":"l percorso verso il riconoscimento della cittadinanza iure sanguinis \u00e8 spesso immaginato come una lineare raccolta di documenti. Tuttavia, il genealogista si scontra frequentemente con una realt\u00e0 ben pi\u00f9 complessa: l&#8217;identit\u00e0 dell&#8217;antenato, nel passaggio dall&#8217;Italia alle terre di emigrazione (con il Brasile come caso scuola), ha subito mutazioni profonde. Queste difformit\u00e0 non sono semplici errori, [&hellip;]","og_url":"https:\/\/www.radici-genealogia.com\/home\/archivio-genealogico-italiano-12-milioni-dati\/","og_site_name":"Radici - Genealogia","article_published_time":"2026-03-04T16:48:13+00:00","article_modified_time":"2026-03-04T22:54:43+00:00","og_image":[{"width":279,"height":279,"url":"https:\/\/www.radici-genealogia.com\/wp-content\/uploads\/2026\/03\/12milioni.jpeg","type":"image\/jpeg"}],"author":"wp_18699517","twitter_card":"summary_large_image","twitter_misc":{"Scritto da":"wp_18699517","Tempo di lettura stimato":"4 minuti"},"schema":{"@context":"https:\/\/schema.org","@graph":[{"@type":"Article","@id":"https:\/\/www.radici-genealogia.com\/home\/archivio-genealogico-italiano-12-milioni-dati\/#article","isPartOf":{"@id":"https:\/\/www.radici-genealogia.com\/home\/archivio-genealogico-italiano-12-milioni-dati\/"},"author":{"name":"wp_18699517","@id":"https:\/\/www.radici-genealogia.com\/home\/#\/schema\/person\/9b2a392866f77b5210d94ea6cfd98642"},"headline":"Archivio storico genealogico italiano: 12 milioni di record per la tua storia","datePublished":"2026-03-04T16:48:13+00:00","dateModified":"2026-03-04T22:54:43+00:00","mainEntityOfPage":{"@id":"https:\/\/www.radici-genealogia.com\/home\/archivio-genealogico-italiano-12-milioni-dati\/"},"wordCount":665,"commentCount":0,"publisher":{"@id":"https:\/\/www.radici-genealogia.com\/home\/#organization"},"image":{"@id":"https:\/\/www.radici-genealogia.com\/home\/archivio-genealogico-italiano-12-milioni-dati\/#primaryimage"},"thumbnailUrl":"https:\/\/www.radici-genealogia.com\/wp-content\/uploads\/2026\/03\/12milioni.jpeg","articleSection":["Diaspora - Storia","Italiani nel mondo"],"inLanguage":"it-IT","potentialAction":[{"@type":"CommentAction","name":"Comment","target":["https:\/\/www.radici-genealogia.com\/home\/archivio-genealogico-italiano-12-milioni-dati\/#respond"]}]},{"@type":"WebPage","@id":"https:\/\/www.radici-genealogia.com\/home\/archivio-genealogico-italiano-12-milioni-dati\/","url":"https:\/\/www.radici-genealogia.com\/home\/archivio-genealogico-italiano-12-milioni-dati\/","name":"Archivio storico genealogico italiano: 12 milioni di record per la tua storia - Radici - Genealogia","isPartOf":{"@id":"https:\/\/www.radici-genealogia.com\/home\/#website"},"primaryImageOfPage":{"@id":"https:\/\/www.radici-genealogia.com\/home\/archivio-genealogico-italiano-12-milioni-dati\/#primaryimage"},"image":{"@id":"https:\/\/www.radici-genealogia.com\/home\/archivio-genealogico-italiano-12-milioni-dati\/#primaryimage"},"thumbnailUrl":"https:\/\/www.radici-genealogia.com\/wp-content\/uploads\/2026\/03\/12milioni.jpeg","datePublished":"2026-03-04T16:48:13+00:00","dateModified":"2026-03-04T22:54:43+00:00","breadcrumb":{"@id":"https:\/\/www.radici-genealogia.com\/home\/archivio-genealogico-italiano-12-milioni-dati\/#breadcrumb"},"inLanguage":"it-IT","potentialAction":[{"@type":"ReadAction","target":["https:\/\/www.radici-genealogia.com\/home\/archivio-genealogico-italiano-12-milioni-dati\/"]}]},{"@type":"ImageObject","inLanguage":"it-IT","@id":"https:\/\/www.radici-genealogia.com\/home\/archivio-genealogico-italiano-12-milioni-dati\/#primaryimage","url":"https:\/\/www.radici-genealogia.com\/wp-content\/uploads\/2026\/03\/12milioni.jpeg","contentUrl":"https:\/\/www.radici-genealogia.com\/wp-content\/uploads\/2026\/03\/12milioni.jpeg","width":279,"height":279},{"@type":"BreadcrumbList","@id":"https:\/\/www.radici-genealogia.com\/home\/archivio-genealogico-italiano-12-milioni-dati\/#breadcrumb","itemListElement":[{"@type":"ListItem","position":1,"name":"In\u00edcio","item":"https:\/\/www.radici-genealogia.com\/home\/"},{"@type":"ListItem","position":2,"name":"Archivio storico genealogico italiano: 12 milioni di record per la tua storia"}]},{"@type":"WebSite","@id":"https:\/\/www.radici-genealogia.com\/home\/#website","url":"https:\/\/www.radici-genealogia.com\/home\/","name":"Radice - Genealogia","description":"Il tuo Passato determina il tuo Futuro","publisher":{"@id":"https:\/\/www.radici-genealogia.com\/home\/#organization"},"potentialAction":[{"@type":"SearchAction","target":{"@type":"EntryPoint","urlTemplate":"https:\/\/www.radici-genealogia.com\/home\/?s={search_term_string}"},"query-input":{"@type":"PropertyValueSpecification","valueRequired":true,"valueName":"search_term_string"}}],"inLanguage":"it-IT"},{"@type":"Organization","@id":"https:\/\/www.radici-genealogia.com\/home\/#organization","name":"Radice - Genealogia","url":"https:\/\/www.radici-genealogia.com\/home\/","logo":{"@type":"ImageObject","inLanguage":"it-IT","@id":"https:\/\/www.radici-genealogia.com\/home\/#\/schema\/logo\/image\/","url":"https:\/\/www.radici-genealogia.com\/wp-content\/uploads\/2025\/08\/sito-LOGOFOOTER.png","contentUrl":"https:\/\/www.radici-genealogia.com\/wp-content\/uploads\/2025\/08\/sito-LOGOFOOTER.png","width":188,"height":71,"caption":"Radice - Genealogia"},"image":{"@id":"https:\/\/www.radici-genealogia.com\/home\/#\/schema\/logo\/image\/"},"sameAs":["https:\/\/www.instagram.com\/_diego_luciano_"]},{"@type":"Person","@id":"https:\/\/www.radici-genealogia.com\/home\/#\/schema\/person\/9b2a392866f77b5210d94ea6cfd98642","name":"wp_18699517","image":{"@type":"ImageObject","inLanguage":"it-IT","@id":"https:\/\/secure.gravatar.com\/avatar\/c338bceb963d2f37e7c0dfb2be64f2734a801ab0ff5c0653618b28ee2991d912?s=96&d=mm&r=g","url":"https:\/\/secure.gravatar.com\/avatar\/c338bceb963d2f37e7c0dfb2be64f2734a801ab0ff5c0653618b28ee2991d912?s=96&d=mm&r=g","contentUrl":"https:\/\/secure.gravatar.com\/avatar\/c338bceb963d2f37e7c0dfb2be64f2734a801ab0ff5c0653618b28ee2991d912?s=96&d=mm&r=g","caption":"wp_18699517"},"sameAs":["https:\/\/www.radici-genealogia.com"],"url":"https:\/\/www.radici-genealogia.com\/home\/author\/wp_18699517\/"}]}},"_links":{"self":[{"href":"https:\/\/www.radici-genealogia.com\/home\/wp-json\/wp\/v2\/posts\/1580","targetHints":{"allow":["GET"]}}],"collection":[{"href":"https:\/\/www.radici-genealogia.com\/home\/wp-json\/wp\/v2\/posts"}],"about":[{"href":"https:\/\/www.radici-genealogia.com\/home\/wp-json\/wp\/v2\/types\/post"}],"author":[{"embeddable":true,"href":"https:\/\/www.radici-genealogia.com\/home\/wp-json\/wp\/v2\/users\/1"}],"replies":[{"embeddable":true,"href":"https:\/\/www.radici-genealogia.com\/home\/wp-json\/wp\/v2\/comments?post=1580"}],"version-history":[{"count":2,"href":"https:\/\/www.radici-genealogia.com\/home\/wp-json\/wp\/v2\/posts\/1580\/revisions"}],"predecessor-version":[{"id":1583,"href":"https:\/\/www.radici-genealogia.com\/home\/wp-json\/wp\/v2\/posts\/1580\/revisions\/1583"}],"wp:featuredmedia":[{"embeddable":true,"href":"https:\/\/www.radici-genealogia.com\/home\/wp-json\/wp\/v2\/media\/1575"}],"wp:attachment":[{"href":"https:\/\/www.radici-genealogia.com\/home\/wp-json\/wp\/v2\/media?parent=1580"}],"wp:term":[{"taxonomy":"category","embeddable":true,"href":"https:\/\/www.radici-genealogia.com\/home\/wp-json\/wp\/v2\/categories?post=1580"},{"taxonomy":"post_tag","embeddable":true,"href":"https:\/\/www.radici-genealogia.com\/home\/wp-json\/wp\/v2\/tags?post=1580"}],"curies":[{"name":"wp","href":"https:\/\/api.w.org\/{rel}","templated":true}]}}